{"id":166411,"date":"2017-08-17T07:22:52","date_gmt":"2017-08-17T05:22:52","guid":{"rendered":"http:\/\/www.fuldaer-nachrichten.de\/?p=166411"},"modified":"2017-08-17T07:22:52","modified_gmt":"2017-08-17T05:22:52","slug":"konzert-der-spielleute-auf-der-ebersburg","status":"publish","type":"post","link":"https:\/\/www.fuldaernachrichten.de\/?p=166411","title":{"rendered":"Konzert der \u201eSpielleute\u201c auf der Ebersburg"},"content":{"rendered":"<p>Ein ganz besonderes Musikerlebnis erwartet die Besucher am Samstag, 19. August, ab 16 Uhr in der Burgruine auf dem Ebersberg zwischen Weyhers und Poppenhausen: Zu h\u00f6ren ist mittelalterliche Tanzmusik der &#8220;Spielleute&#8221;, einer Formation der Musikschule der Stadt Fulda. Wegen der gro\u00dfen Resonanz beim letztj\u00e4hrigen Burgkonzert wird das 12-k\u00f6pfige Ensemble im Hof der Ebersburg erneut aufspielen.<\/p>\n<p>In historischen Gew\u00e4ndern lassen die S\u00e4nger, Musiker und Musikerinnen des Ensembles an diesem geschichtstr\u00e4chtigen Ort vor trutziger Kulisse Melodien aus verschiedenen L\u00e4ndern Europas erklingen, garniert mit Geschichten \u00fcber die Herren von Ebersburg und das Rh\u00f6ner Land. Der Ort des Geschehens \u2013 die Ebersburg &#8211; hat blutige Zeiten erlebt. Die Raubritter von Ebersberg schreckten vor keiner Schandtat zur\u00fcck, \u00fcberfielen fromme Pilger und Handelsleute auf ihrem Weg durch den buchonischen Urwald und lie\u00dfen den von ihnen gehassten Fuldaer F\u00fcrstabt Bertho II. 1271 w\u00e4hrend der heiligen Messe in der Jakobskapelle zu Fulda ermorden, worauf die Truppen seines Nachfolgers die Burg in Schutt und Asche legten. <\/p>\n<p>Besucher k\u00f6nnen das sp\u00e4tsommerliche Musik-Spektakel \u2013 am besten mit einem Picknickkorb und Lagerdecke ausger\u00fcstet \u2013 bei freiem Eintritt genie\u00dfen. Bei Regen erfolgt Terminverschiebung \u2013 Infos unter www.spielleute-fulda.de<\/p>\n","protected":false},"excerpt":{"rendered":"<div class=\"tmnf_excerpt\"><p>Ein ganz besonderes Musikerlebnis erwartet die Besucher am Samstag, 19. August, ab 16 Uhr in der Burgruine auf dem Ebersberg zwischen Weyhers und Poppenhausen: Zu h\u00f6ren ist mittelalterliche Tanzmusik der &#8220;Spielleute&#8221;, einer Formation der Musikschule der Stadt Fulda. Wegen der gro\u00dfen Resonanz beim letztj\u00e4hrigen Burgkonzert wird das 12-k\u00f6pfige Ensemble im Hof der Ebersburg erneut aufspielen. &hellip;<\/p>\n<\/div>","protected":false},"author":1,"featured_media":166426,"comment_status":"closed","ping_status":"closed","sticky":false,"template":"","format":"standard","meta":{"footnotes":""},"categories":[1],"tags":[],"class_list":["post-166411","post","type-post","status-publish","format-standard","has-post-thumbnail","hentry","category-startseite"],"_links":{"self":[{"href":"https:\/\/www.fuldaernachrichten.de\/index.php?rest_route=\/wp\/v2\/posts\/166411","targetHints":{"allow":["GET"]}}],"collection":[{"href":"https:\/\/www.fuldaernachrichten.de\/index.php?rest_route=\/wp\/v2\/posts"}],"about":[{"href":"https:\/\/www.fuldaernachrichten.de\/index.php?rest_route=\/wp\/v2\/types\/post"}],"author":[{"embeddable":true,"href":"https:\/\/www.fuldaernachrichten.de\/index.php?rest_route=\/wp\/v2\/users\/1"}],"replies":[{"embeddable":true,"href":"https:\/\/www.fuldaernachrichten.de\/index.php?rest_route=%2Fwp%2Fv2%2Fcomments&post=166411"}],"version-history":[{"count":1,"href":"https:\/\/www.fuldaernachrichten.de\/index.php?rest_route=\/wp\/v2\/posts\/166411\/revisions"}],"predecessor-version":[{"id":166427,"href":"https:\/\/www.fuldaernachrichten.de\/index.php?rest_route=\/wp\/v2\/posts\/166411\/revisions\/166427"}],"wp:featuredmedia":[{"embeddable":true,"href":"https:\/\/www.fuldaernachrichten.de\/index.php?rest_route=\/wp\/v2\/media\/166426"}],"wp:attachment":[{"href":"https:\/\/www.fuldaernachrichten.de\/index.php?rest_route=%2Fwp%2Fv2%2Fmedia&parent=166411"}],"wp:term":[{"taxonomy":"category","embeddable":true,"href":"https:\/\/www.fuldaernachrichten.de\/index.php?rest_route=%2Fwp%2Fv2%2Fcategories&post=166411"},{"taxonomy":"post_tag","embeddable":true,"href":"https:\/\/www.fuldaernachrichten.de\/index.php?rest_route=%2Fwp%2Fv2%2Ftags&post=166411"}],"curies":[{"name":"wp","href":"https:\/\/api.w.org\/{rel}","templated":true}]}}