{"id":166409,"date":"2017-08-17T07:19:10","date_gmt":"2017-08-17T05:19:10","guid":{"rendered":"http:\/\/www.fuldaer-nachrichten.de\/?p=166409"},"modified":"2017-08-17T07:19:10","modified_gmt":"2017-08-17T05:19:10","slug":"seniorenfahrten-der-stadt-fulda-4","status":"publish","type":"post","link":"https:\/\/www.fuldaernachrichten.de\/?p=166409","title":{"rendered":"Seniorenfahrten der Stadt Fulda"},"content":{"rendered":"<p>Ab 4. September werden an verschiedenen Tagen Nachmittagsfahrten f\u00fcr \u00e4ltere Mitb\u00fcrgerinnen und Mitb\u00fcrger der Stadt Fulda durchgef\u00fchrt. Bei der Panoramafahrt durch die farbenfrohe herbstliche Rh\u00f6n erl\u00e4utern Mitglieder des Rh\u00f6nklubs Zweigverein Fulda die Sehensw\u00fcrdigkeiten am Wegesrand und alte Erinnerungen werden aufgefrischt. <\/p>\n<p>Die Fahren starten jeweils um 13:00 Uhr und um 18:00 Uhr werden die Teilnehmer\/innen wieder am Startpunkt eintreffen. Nach den guten Erfahrungen mit wohnortnahen Abfahrtsorten werden auch in diesem Jahr wieder verschiedene Startpunkte angeboten.<br \/>\nDie Busse starten am Montag, 04., Dienstag, 05., Mittwoch, 06., Montag, 11., und Dienstag 12. vor dem Schlosstheater, am Donnerstag, 07., am Platz der wei\u00dfen Rose in Ziehers Nord, am Mittwoch, 13. in Maberzell und in L\u00fcderm\u00fcnd, am Donnerstag, 14. in der Dr.-H\u00f6fling-Str. in Ziehers-S\u00fcd und am Mittwoch, 20. vor dem Hedwigstift in Horas und am Aschenberg.<\/p>\n<p>Die Kaffeepause ist im fr\u00e4nkischen Ort Fladungen. Der Abschluss ist im Fuldaer Stadtteil Kohlhaus. Karten zum Preis von 5 Euro erhalten Sie ab Donnerstag, 24. August im B\u00fcrgerb\u00fcro im Stadtschloss. Im Preis sind die Kosten f\u00fcr die Fahrt und das Vesperbrot bei der Schlusseinkehr enthalten. <\/p>\n","protected":false},"excerpt":{"rendered":"<div class=\"tmnf_excerpt\"><p>Ab 4. September werden an verschiedenen Tagen Nachmittagsfahrten f\u00fcr \u00e4ltere Mitb\u00fcrgerinnen und Mitb\u00fcrger der Stadt Fulda durchgef\u00fchrt. Bei der Panoramafahrt durch die farbenfrohe herbstliche Rh\u00f6n erl\u00e4utern Mitglieder des Rh\u00f6nklubs Zweigverein Fulda die Sehensw\u00fcrdigkeiten am Wegesrand und alte Erinnerungen werden aufgefrischt. Die Fahren starten jeweils um 13:00 Uhr und um 18:00 Uhr werden die Teilnehmer\/innen wieder &hellip;<\/p>\n<\/div>","protected":false},"author":1,"featured_media":0,"comment_status":"closed","ping_status":"closed","sticky":false,"template":"","format":"standard","meta":{"footnotes":""},"categories":[1],"tags":[],"class_list":["post-166409","post","type-post","status-publish","format-standard","hentry","category-startseite"],"_links":{"self":[{"href":"https:\/\/www.fuldaernachrichten.de\/index.php?rest_route=\/wp\/v2\/posts\/166409","targetHints":{"allow":["GET"]}}],"collection":[{"href":"https:\/\/www.fuldaernachrichten.de\/index.php?rest_route=\/wp\/v2\/posts"}],"about":[{"href":"https:\/\/www.fuldaernachrichten.de\/index.php?rest_route=\/wp\/v2\/types\/post"}],"author":[{"embeddable":true,"href":"https:\/\/www.fuldaernachrichten.de\/index.php?rest_route=\/wp\/v2\/users\/1"}],"replies":[{"embeddable":true,"href":"https:\/\/www.fuldaernachrichten.de\/index.php?rest_route=%2Fwp%2Fv2%2Fcomments&post=166409"}],"version-history":[{"count":1,"href":"https:\/\/www.fuldaernachrichten.de\/index.php?rest_route=\/wp\/v2\/posts\/166409\/revisions"}],"predecessor-version":[{"id":166410,"href":"https:\/\/www.fuldaernachrichten.de\/index.php?rest_route=\/wp\/v2\/posts\/166409\/revisions\/166410"}],"wp:attachment":[{"href":"https:\/\/www.fuldaernachrichten.de\/index.php?rest_route=%2Fwp%2Fv2%2Fmedia&parent=166409"}],"wp:term":[{"taxonomy":"category","embeddable":true,"href":"https:\/\/www.fuldaernachrichten.de\/index.php?rest_route=%2Fwp%2Fv2%2Fcategories&post=166409"},{"taxonomy":"post_tag","embeddable":true,"href":"https:\/\/www.fuldaernachrichten.de\/index.php?rest_route=%2Fwp%2Fv2%2Ftags&post=166409"}],"curies":[{"name":"wp","href":"https:\/\/api.w.org\/{rel}","templated":true}]}}