{"id":166405,"date":"2017-08-17T07:20:21","date_gmt":"2017-08-17T05:20:21","guid":{"rendered":"http:\/\/www.fuldaer-nachrichten.de\/?p=166405"},"modified":"2017-08-17T07:20:21","modified_gmt":"2017-08-17T05:20:21","slug":"fuer-mehr-maenner-in-kitas-einladung-zum-treffen-der-3-liga","status":"publish","type":"post","link":"https:\/\/www.fuldaernachrichten.de\/?p=166405","title":{"rendered":"F\u00fcr mehr M\u00e4nner in Kitas: Einladung zum Treffen der 3%-Liga"},"content":{"rendered":"<p>Am Donnerstag, 24.08.2017 um 17.00 Uhr treffen sich wieder alle m\u00e4nnlichen Erzieher, Praktikanten und alle die es werden wollen zum Austausch in der Kita Gl\u00e4serzell Abt-Hadamar Stra\u00dfe 2!<br \/>\nAuch alle weiblichen Interessierte sind nat\u00fcrlich herzlich willkommen!<\/p>\n<p>Infos und Anmeldung bei Marco Reith in der Kita Fantasia Harmerz (0661-44696) <\/p>\n","protected":false},"excerpt":{"rendered":"<div class=\"tmnf_excerpt\"><p>Am Donnerstag, 24.08.2017 um 17.00 Uhr treffen sich wieder alle m\u00e4nnlichen Erzieher, Praktikanten und alle die es werden wollen zum Austausch in der Kita Gl\u00e4serzell Abt-Hadamar Stra\u00dfe 2! Auch alle weiblichen Interessierte sind nat\u00fcrlich herzlich willkommen! Infos und Anmeldung bei Marco Reith in der Kita Fantasia Harmerz (0661-44696)<\/p>\n<\/div>","protected":false},"author":1,"featured_media":0,"comment_status":"closed","ping_status":"closed","sticky":false,"template":"","format":"standard","meta":{"footnotes":""},"categories":[1],"tags":[],"class_list":["post-166405","post","type-post","status-publish","format-standard","hentry","category-startseite"],"_links":{"self":[{"href":"https:\/\/www.fuldaernachrichten.de\/index.php?rest_route=\/wp\/v2\/posts\/166405","targetHints":{"allow":["GET"]}}],"collection":[{"href":"https:\/\/www.fuldaernachrichten.de\/index.php?rest_route=\/wp\/v2\/posts"}],"about":[{"href":"https:\/\/www.fuldaernachrichten.de\/index.php?rest_route=\/wp\/v2\/types\/post"}],"author":[{"embeddable":true,"href":"https:\/\/www.fuldaernachrichten.de\/index.php?rest_route=\/wp\/v2\/users\/1"}],"replies":[{"embeddable":true,"href":"https:\/\/www.fuldaernachrichten.de\/index.php?rest_route=%2Fwp%2Fv2%2Fcomments&post=166405"}],"version-history":[{"count":1,"href":"https:\/\/www.fuldaernachrichten.de\/index.php?rest_route=\/wp\/v2\/posts\/166405\/revisions"}],"predecessor-version":[{"id":166416,"href":"https:\/\/www.fuldaernachrichten.de\/index.php?rest_route=\/wp\/v2\/posts\/166405\/revisions\/166416"}],"wp:attachment":[{"href":"https:\/\/www.fuldaernachrichten.de\/index.php?rest_route=%2Fwp%2Fv2%2Fmedia&parent=166405"}],"wp:term":[{"taxonomy":"category","embeddable":true,"href":"https:\/\/www.fuldaernachrichten.de\/index.php?rest_route=%2Fwp%2Fv2%2Fcategories&post=166405"},{"taxonomy":"post_tag","embeddable":true,"href":"https:\/\/www.fuldaernachrichten.de\/index.php?rest_route=%2Fwp%2Fv2%2Ftags&post=166405"}],"curies":[{"name":"wp","href":"https:\/\/api.w.org\/{rel}","templated":true}]}}