{"id":166404,"date":"2017-08-17T07:20:08","date_gmt":"2017-08-17T05:20:08","guid":{"rendered":"http:\/\/www.fuldaer-nachrichten.de\/?p=166404"},"modified":"2017-08-17T07:20:08","modified_gmt":"2017-08-17T05:20:08","slug":"indoor-spielplatz-am-nieder-mooser-see-geplant","status":"publish","type":"post","link":"https:\/\/www.fuldaernachrichten.de\/?p=166404","title":{"rendered":"Indoor-Spielplatz am Nieder-Mooser See geplant"},"content":{"rendered":"<p><a href=\"http:\/\/www.fuldaer-nachrichten.de\/wp-content\/uploads\/2017\/08\/Besuch-EKB-J\u00f6ckel3.jpg\"><img decoding=\"async\" src=\"http:\/\/www.fuldaer-nachrichten.de\/wp-content\/uploads\/2017\/08\/Besuch-EKB-J\u00f6ckel3-265x163.jpg\" alt=\"\" width=\"265\" height=\"163\" class=\"alignleft size-thumbnail wp-image-166413\" \/><\/a>An sch\u00f6nen Sommertagen ist richtig Betrieb rund um den Nieder-Mooser See, auch auf dem gro\u00dfz\u00fcgig angelegten Freizeitgel\u00e4nde von Stephan J\u00f6ckel hinter seinem See Caf\u00e9. Viel Platz gibt es hier und viele M\u00f6glichkeiten f\u00fcr Kinder zum Spielen. Wie gesagt: An sch\u00f6nen Sommertagen. In der kalten Jahreszeit hingegen verirrt sich kaum ein Mensch in die Gegend, sehr ruhig ist es dann rund um den See. Genau das will Gastronom J\u00f6ckel \u00e4ndern: Er will einen 1000 Quadratmeter gro\u00dfen Indoor-Spielplatz bauen. Die Halle wird direkt an seine \u201eVulkanscheune\u201c grenzen. \u00dcber das geplante Projekt informierte er jetzt den Ersten Kreisbeigeordneten des Vogelsbergkreises, Dr. Jens Mischak (CDU), der das Gel\u00e4nde gemeinsam mit dem Gesch\u00e4ftsf\u00fchrer der Vogelsberg Consult, Thomas Schaumberg, und Andrea Ortstadt aus der Abteilung f\u00fcr Wirtschaftsf\u00f6rderung, in Augenschein nahm.<br \/>\nDer Name J\u00f6ckel und Gastronomie sind in Nieder-Moos eng verbunden \u2013 und das seit vielen Jahrzehnten. Um genau zu sein, gibt es den Familienbetrieb bereits seit 1896. Heute geh\u00f6ren ein Drei-Sterne-Hotel samt Restaurant im Ort selbst, zwei Bettenh\u00e4user, Ferienwohnungen, der Freizeitpark Vulkan mit seinen vielf\u00e4ltigen M\u00f6glichkeiten, die Vulkanscheune und das See Caf\u00e9 zum Unternehmen. Rund 15.000 \u00dcbernachtungen z\u00e4hlen J\u00f6ckels pro Jahr. Um das Wohl der G\u00e4ste k\u00fcmmern sich neben Stephan J\u00f6ckel und Vater Karl nat\u00fcrlich die gesamte Familie und ein starkes Team mit alleine 40 Vollzeit-Kr\u00e4ften.  An den Wochenenden werden sie durch sogenanntes Mietpersonal unterst\u00fctzt. Da k\u00f6nnen schon einmal \u00fcber 100 Leute im Einsatz sein.<\/p>\n<p>Rund 30.000 Quadratmeter Fl\u00e4che nennt J\u00f6ckel in unmittelbarer N\u00e4he zum See sein Eigen. F\u00fcr Familien ein ideales Pl\u00e4tzchen. Im Laufe der Jahre hat der Hotelier das Gel\u00e4nde n\u00e4mlich immer wieder um verschiedene Attraktionen erweitert. Da gibt es unter anderem einen Streichel-Zoo, eine Mini-Golf-Anlage, einen Boule-Platz, H\u00fcpfburgen, Kettcar-Bahnen oder \u2013 ganz neu \u2013 ein riesiges Piraten-Schiff. An den Wochenenden ist der Biergarten ge\u00f6ffnet und f\u00fcr gro\u00dfe Feiern k\u00f6nnen die G\u00e4ste die Vulkanscheune buchen. \u201eWir haben hier auch Trauungen im Gr\u00fcnen, gefeiert wird dann in der Scheune\u201c, erz\u00e4hlte J\u00f6ckel. 150 bis 200 Leute finden dort Platz. Gerade f\u00fcr Familienfeiern wird die Scheune gerne genutzt, so der Gastronom, weil die kleinen G\u00e4ste drau\u00dfen spielen k\u00f6nnen.<br \/>\nApropos drau\u00dfen \u2013 das ist nat\u00fcrlich begrenzt: \u201eBei uns endet die Saison im Oktober, es geht erst im April oder Mai wieder richtig los\u201c, schilderte J\u00f6ckel dem Ersten Kreisbeigeordnetem. Deshalb will der Nieder-Mooser mit seinem Indoor-Spielplatz eine Alternative f\u00fcr die schlechte Jahreszeit schaffen. \u201eAuch f\u00fcr Kindergeburtstage ist so eine Halle ideal\u201c, zeigte er sich \u00fcberzeugt. Investieren will J\u00f6ckel rund 1 Million Euro.<\/p>\n<p>\u201eDie Idee ist super. Sie haben den See, das Caf\u00e9 und dann das erweiterte Angebot mit dem Indoor\u00e2\u20ac\u201dSpielplatz\u201c, attestierte denn auch Jens Mischak. Der Wirtschaftsdezernent des Kreises wies zudem darauf hin, dass es ein solches Angebot in der N\u00e4he von Nieder-Moos bislang nicht gibt. Die Region um den See w\u00fcrde somit nochmals an Attraktivit\u00e4t gewinnen.<\/p>\n<p>Wenn es nach Stephan J\u00f6ckel geht, dann m\u00f6chte er so schnell wie m\u00f6glich anfangen. Die Erdarbeiten, so sein Plan, sollen auf alle F\u00e4lle noch in diesem Jahr vorgenommen werden.<\/p>\n","protected":false},"excerpt":{"rendered":"<div class=\"tmnf_excerpt\"><p>An sch\u00f6nen Sommertagen ist richtig Betrieb rund um den Nieder-Mooser See, auch auf dem gro\u00dfz\u00fcgig angelegten Freizeitgel\u00e4nde von Stephan J\u00f6ckel hinter seinem See Caf\u00e9. Viel Platz gibt es hier und viele M\u00f6glichkeiten f\u00fcr Kinder zum Spielen. Wie gesagt: An sch\u00f6nen Sommertagen. In der kalten Jahreszeit hingegen verirrt sich kaum ein Mensch in die Gegend, sehr &hellip;<\/p>\n<\/div>","protected":false},"author":1,"featured_media":166412,"comment_status":"closed","ping_status":"closed","sticky":false,"template":"","format":"standard","meta":{"footnotes":""},"categories":[1],"tags":[],"class_list":["post-166404","post","type-post","status-publish","format-standard","has-post-thumbnail","hentry","category-startseite"],"_links":{"self":[{"href":"https:\/\/www.fuldaernachrichten.de\/index.php?rest_route=\/wp\/v2\/posts\/166404","targetHints":{"allow":["GET"]}}],"collection":[{"href":"https:\/\/www.fuldaernachrichten.de\/index.php?rest_route=\/wp\/v2\/posts"}],"about":[{"href":"https:\/\/www.fuldaernachrichten.de\/index.php?rest_route=\/wp\/v2\/types\/post"}],"author":[{"embeddable":true,"href":"https:\/\/www.fuldaernachrichten.de\/index.php?rest_route=\/wp\/v2\/users\/1"}],"replies":[{"embeddable":true,"href":"https:\/\/www.fuldaernachrichten.de\/index.php?rest_route=%2Fwp%2Fv2%2Fcomments&post=166404"}],"version-history":[{"count":1,"href":"https:\/\/www.fuldaernachrichten.de\/index.php?rest_route=\/wp\/v2\/posts\/166404\/revisions"}],"predecessor-version":[{"id":166414,"href":"https:\/\/www.fuldaernachrichten.de\/index.php?rest_route=\/wp\/v2\/posts\/166404\/revisions\/166414"}],"wp:featuredmedia":[{"embeddable":true,"href":"https:\/\/www.fuldaernachrichten.de\/index.php?rest_route=\/wp\/v2\/media\/166412"}],"wp:attachment":[{"href":"https:\/\/www.fuldaernachrichten.de\/index.php?rest_route=%2Fwp%2Fv2%2Fmedia&parent=166404"}],"wp:term":[{"taxonomy":"category","embeddable":true,"href":"https:\/\/www.fuldaernachrichten.de\/index.php?rest_route=%2Fwp%2Fv2%2Fcategories&post=166404"},{"taxonomy":"post_tag","embeddable":true,"href":"https:\/\/www.fuldaernachrichten.de\/index.php?rest_route=%2Fwp%2Fv2%2Ftags&post=166404"}],"curies":[{"name":"wp","href":"https:\/\/api.w.org\/{rel}","templated":true}]}}