{"id":166403,"date":"2017-08-17T07:27:33","date_gmt":"2017-08-17T05:27:33","guid":{"rendered":"http:\/\/www.fuldaer-nachrichten.de\/?p=166403"},"modified":"2017-08-17T07:27:33","modified_gmt":"2017-08-17T05:27:33","slug":"1-jahr-buergerinneninitiative-langebrueckenstrasse-14-fulda","status":"publish","type":"post","link":"https:\/\/www.fuldaernachrichten.de\/?p=166403","title":{"rendered":"1 Jahr B\u00fcrger*inneninitiative Langebr\u00fcckenstra\u00dfe 14, Fulda"},"content":{"rendered":"<p>Nach Bekanntgabe des Verkaufs des Gel\u00e4ndes Langebr\u00fcckenstra\u00dfe 14 (L14) an das Investorenduo Burg\/ Gei\u00dfend\u00f6rfer j\u00e4hrt sich am 16.08.2017 die Gr\u00fcndung der B\u00fcrger*inneninitiative Langebr\u00fcckenstra\u00dfe 14.<\/p>\n<p>Die BI L14 ist entstanden, um die soziokulturelle Vielfalt der Stadt Fulda am Standort L14 sichtbar zu machen und diese zu erhalten. Um auf alle Initiativen und Vereine am Standort des soziokulturellen Zentrums aufmerksam zu machen, wurden bis heute weit mehr als 1000 Unterschriften gesammelt, Offene Briefe verfasst sowie Gespr\u00e4che mit Investoren, der AWO sowie Oberb\u00fcrgermeister und Stadtbaurat gef\u00fchrt. Innerhalb weniger Wochen pr\u00e4sentierte man der \u00d6ffentlichkeit das Konzept \u201eL14 &#8211; die Westbr\u00fccke zur Stadt\u201c, welches innovative Ideen zur zuk\u00fcnftigen Nutzung des Gel\u00e4ndes versammelte und veranstaltete ein Hoffest mit allen Beteiligten. Um die historische Bedeutung des Areals zu unterstreichen wurde der \u201eVonderau Park\u201c auf dem zum Industrieareal geh\u00f6renden Garten er\u00f6ffnet und die Begr\u00fcnungsaktion \u201eL14 bl\u00fcht\u201c durchgef\u00fchrt. Kreative Protestformen wie die Parade \u201eL14 lebt\u201c sowie die laufende Postkarten Aktion \u201e#postf\u00fcrheiko\u201c geben Nutzern und Unterst\u00fctzern ein Gesicht \/ eine Stimme.<\/p>\n<p>Am medialen Interesse zeigte sich das nicht nur den vielen Tausend Nutzern der Angebote die Zukunft der L14 am Herzen liegt, sondern auch einer ganz breiten \u00d6ffentlichkeit der Fuldaer Bev\u00f6lkerung. Der B\u00fcrgerinitiative gelang es, den Kulturbegriff in Fulda zu erweitern und ein Augenmerk auf die Notwendigkeit einer soziokulturellen Angebotsvielfalt in Fulda zu richten. Im vergangenen Jahr lernte die B\u00fcrgerinitiative nicht nur laufen, sondern auch dran zu bleiben, \u00f6ffentlich Druck zu machen und durch ihre Arbeit viele Menschen f\u00fcr ihre Forderung zu mobilisieren. Dabei war es ihr wichtig, Ihre eigenst\u00e4ndige Haltung nach au\u00dfen zu tragen und als eigenst\u00e4ndiger Partner f\u00fcr Gespr\u00e4che und Verhandlungen wahrgenommen zu werden.<\/p>\n<p>Nach einem Jahr hohen Einsatz f\u00fcr den Verbleib des soziokulturelle Zentrums muss das Ziel, die Arbeit aller Initiativen und Vereine am Standort L14 fortzuf\u00fchren, aufgegeben werden. Mit dem Angebot der Stadt Fulda, den gewachsenen Initiativen in ihrer Gesamtheit am Standort Betriebsamt eine Perspektive zu geben, ist ein Kompromiss in Sicht. Zum ersten Geburtstag w\u00fcnschen sich alle Beteiligten eine schriftliche Best\u00e4tigung des Vorhabens durch die Stadt Fulda, einen schnellen \u00dcbergang ohne partielle Zwischenl\u00f6sungen w\u00e4hrend der Umbauphase sowie geringe, finanzielle Belastungen um freie, soziokulturelle Arbeit auch am neuen Standort zu gew\u00e4hrleisten.<\/p>\n","protected":false},"excerpt":{"rendered":"<div class=\"tmnf_excerpt\"><p>Nach Bekanntgabe des Verkaufs des Gel\u00e4ndes Langebr\u00fcckenstra\u00dfe 14 (L14) an das Investorenduo Burg\/ Gei\u00dfend\u00f6rfer j\u00e4hrt sich am 16.08.2017 die Gr\u00fcndung der B\u00fcrger*inneninitiative Langebr\u00fcckenstra\u00dfe 14. Die BI L14 ist entstanden, um die soziokulturelle Vielfalt der Stadt Fulda am Standort L14 sichtbar zu machen und diese zu erhalten. Um auf alle Initiativen und Vereine am Standort des &hellip;<\/p>\n<\/div>","protected":false},"author":1,"featured_media":166447,"comment_status":"closed","ping_status":"closed","sticky":false,"template":"","format":"gallery","meta":{"footnotes":""},"categories":[1],"tags":[],"class_list":["post-166403","post","type-post","status-publish","format-gallery","has-post-thumbnail","hentry","category-startseite","post_format-post-format-gallery"],"_links":{"self":[{"href":"https:\/\/www.fuldaernachrichten.de\/index.php?rest_route=\/wp\/v2\/posts\/166403","targetHints":{"allow":["GET"]}}],"collection":[{"href":"https:\/\/www.fuldaernachrichten.de\/index.php?rest_route=\/wp\/v2\/posts"}],"about":[{"href":"https:\/\/www.fuldaernachrichten.de\/index.php?rest_route=\/wp\/v2\/types\/post"}],"author":[{"embeddable":true,"href":"https:\/\/www.fuldaernachrichten.de\/index.php?rest_route=\/wp\/v2\/users\/1"}],"replies":[{"embeddable":true,"href":"https:\/\/www.fuldaernachrichten.de\/index.php?rest_route=%2Fwp%2Fv2%2Fcomments&post=166403"}],"version-history":[{"count":1,"href":"https:\/\/www.fuldaernachrichten.de\/index.php?rest_route=\/wp\/v2\/posts\/166403\/revisions"}],"predecessor-version":[{"id":166450,"href":"https:\/\/www.fuldaernachrichten.de\/index.php?rest_route=\/wp\/v2\/posts\/166403\/revisions\/166450"}],"wp:featuredmedia":[{"embeddable":true,"href":"https:\/\/www.fuldaernachrichten.de\/index.php?rest_route=\/wp\/v2\/media\/166447"}],"wp:attachment":[{"href":"https:\/\/www.fuldaernachrichten.de\/index.php?rest_route=%2Fwp%2Fv2%2Fmedia&parent=166403"}],"wp:term":[{"taxonomy":"category","embeddable":true,"href":"https:\/\/www.fuldaernachrichten.de\/index.php?rest_route=%2Fwp%2Fv2%2Fcategories&post=166403"},{"taxonomy":"post_tag","embeddable":true,"href":"https:\/\/www.fuldaernachrichten.de\/index.php?rest_route=%2Fwp%2Fv2%2Ftags&post=166403"}],"curies":[{"name":"wp","href":"https:\/\/api.w.org\/{rel}","templated":true}]}}