{"id":166389,"date":"2017-08-15T22:00:20","date_gmt":"2017-08-15T20:00:20","guid":{"rendered":"http:\/\/www.fuldaer-nachrichten.de\/?p=166389"},"modified":"2017-08-15T22:00:42","modified_gmt":"2017-08-15T20:00:42","slug":"ob-begruesst-junge-mitarbeiterinnen-und-mitarbeiter-der-stadtverwaltung","status":"publish","type":"post","link":"https:\/\/www.fuldaernachrichten.de\/?p=166389","title":{"rendered":"OB begr\u00fc\u00dft junge Mitarbeiterinnen und Mitarbeiter der Stadtverwaltung"},"content":{"rendered":"<p>Acht Auszubildende und sieben Praktikanten sowie deren Eltern konnten Oberb\u00fcrgermeister Dr. Heiko Wingenfeld und B\u00fcrgermeister Dag Wehner zum diesj\u00e4hrigen Ausbildungsbeginn am 1. August im Gr\u00fcnen Zimmer des Stadtschlosses begr\u00fc\u00dfen.  <\/p>\n<p> \u201eEs wartet eine aufregende Zeit auf Sie, Sie werden viel lernen, viel erfahren. Das ist anstrengend, aber auch eine gro\u00dfe Chance\u201c, versprach der Oberb\u00fcrgermeister. \u201eDie Ausbildung bei der Stadt Fulda ist zukunftsf\u00e4hig. Wenn Sie sich anstrengen und einbringen, haben Sie gute Chancen auf eine erfolgreiche berufliche Zukunft bei uns.\u201c  Das Besondere bei einer Ausbildung bei der Stadt Fulda sei die gro\u00dfe Vielseitigkeit. \u201eDie zuk\u00fcnftigen Verwaltungsfachangestellten durchlaufen verschiedene Abteilungen, alle zwei, drei Monate lernen Sie neue Arbeitsinhalte, neue Sachgebiete, neue Kollegen und Ausbilder kennen.\u201c Rund 1100 Menschen sind bei der Stadt Fulda besch\u00e4ftigt, ein gro\u00dfer Teil von ihnen im Stadtschloss. Viele verschiedene Berufsfelder sind vertreten, vom Handwerk bis zur Verwaltung, von der Kita bis zum Bauhof. \u201eEgal in welchem Bereich, alles dreht sich darum, f\u00fcr die B\u00fcrgerinnen und B\u00fcrger der Stadt Fulda da zu sein\u201c, bekr\u00e4ftigte Wingenfeld.  Bereits vor der offiziellen Begr\u00fc\u00dfung hatten die jungen Erwachsenen wichtige Informationen rund um die Ausbildung erhalten. So gibt es zahlreiche Aktionen und Projekte, an denen die Auszubildenden w\u00e4hrend ihrer Ausbildung teilnehmen, wie z.B. die Aktion \u201eSchlauester Azubi\u201c oder die Vorbereitung der Bildungsmesse. Es ist sogar m\u00f6glich, im Rahmen der Ausbildung bei der Stadtverwaltung ein Auslandspraktikum zu absolvieren.  <\/p>\n<p>Bewerbungen f\u00fcr eine Ausbildung bei der Stadt   F\u00fcr das Ausbildungsjahr 2018 nimmt die Stadt Fulda aktuell noch Bewerbungen f\u00fcr folgende Ausbildungsg\u00e4nge entgegen \u00e2\u20ac\u00a8<br \/>\n\u00c2\u00b7 Verwaltungsfachangestellte\/r bis 27. August 2017\u00e2\u20ac\u00a8<br \/>\n\u00c2\u00b7 G\u00e4rtner\/in Garten- und Landschaftsbau bis 31. Oktober 2017 \u00e2\u20ac\u00a8Bewerbungen sind ausschlie\u00dflich \u00fcber das Bewerbungsportal einzureichen. Die Zug\u00e4nge finden Sie bei den jeweiligen Stellenausschreibungen unter www.fulda.de\/stadtverwaltung\/stellenausschreibungen <\/p>\n<p>BU: OB Dr. Heiko Wingenfeld (vorne rechts) und B\u00fcrgermeister Dag Wehner (links daneben) begr\u00fc\u00dften zusammen mit Vertretern des Personalrats, des Frauenb\u00fcros sowie des Haupt- und Personalamts die neuen Auszubildenden und Praktikanten.<\/p>\n","protected":false},"excerpt":{"rendered":"<div class=\"tmnf_excerpt\"><p>Acht Auszubildende und sieben Praktikanten sowie deren Eltern konnten Oberb\u00fcrgermeister Dr. Heiko Wingenfeld und B\u00fcrgermeister Dag Wehner zum diesj\u00e4hrigen Ausbildungsbeginn am 1. August im Gr\u00fcnen Zimmer des Stadtschlosses begr\u00fc\u00dfen. \u201eEs wartet eine aufregende Zeit auf Sie, Sie werden viel lernen, viel erfahren. Das ist anstrengend, aber auch eine gro\u00dfe Chance\u201c, versprach der Oberb\u00fcrgermeister. \u201eDie Ausbildung &hellip;<\/p>\n<\/div>","protected":false},"author":1,"featured_media":166393,"comment_status":"closed","ping_status":"closed","sticky":false,"template":"","format":"standard","meta":{"footnotes":""},"categories":[1],"tags":[],"class_list":["post-166389","post","type-post","status-publish","format-standard","has-post-thumbnail","hentry","category-startseite"],"_links":{"self":[{"href":"https:\/\/www.fuldaernachrichten.de\/index.php?rest_route=\/wp\/v2\/posts\/166389","targetHints":{"allow":["GET"]}}],"collection":[{"href":"https:\/\/www.fuldaernachrichten.de\/index.php?rest_route=\/wp\/v2\/posts"}],"about":[{"href":"https:\/\/www.fuldaernachrichten.de\/index.php?rest_route=\/wp\/v2\/types\/post"}],"author":[{"embeddable":true,"href":"https:\/\/www.fuldaernachrichten.de\/index.php?rest_route=\/wp\/v2\/users\/1"}],"replies":[{"embeddable":true,"href":"https:\/\/www.fuldaernachrichten.de\/index.php?rest_route=%2Fwp%2Fv2%2Fcomments&post=166389"}],"version-history":[{"count":1,"href":"https:\/\/www.fuldaernachrichten.de\/index.php?rest_route=\/wp\/v2\/posts\/166389\/revisions"}],"predecessor-version":[{"id":166394,"href":"https:\/\/www.fuldaernachrichten.de\/index.php?rest_route=\/wp\/v2\/posts\/166389\/revisions\/166394"}],"wp:featuredmedia":[{"embeddable":true,"href":"https:\/\/www.fuldaernachrichten.de\/index.php?rest_route=\/wp\/v2\/media\/166393"}],"wp:attachment":[{"href":"https:\/\/www.fuldaernachrichten.de\/index.php?rest_route=%2Fwp%2Fv2%2Fmedia&parent=166389"}],"wp:term":[{"taxonomy":"category","embeddable":true,"href":"https:\/\/www.fuldaernachrichten.de\/index.php?rest_route=%2Fwp%2Fv2%2Fcategories&post=166389"},{"taxonomy":"post_tag","embeddable":true,"href":"https:\/\/www.fuldaernachrichten.de\/index.php?rest_route=%2Fwp%2Fv2%2Ftags&post=166389"}],"curies":[{"name":"wp","href":"https:\/\/api.w.org\/{rel}","templated":true}]}}