{"id":166380,"date":"2017-08-15T21:58:45","date_gmt":"2017-08-15T19:58:45","guid":{"rendered":"http:\/\/www.fuldaer-nachrichten.de\/?p=166380"},"modified":"2017-08-15T21:58:45","modified_gmt":"2017-08-15T19:58:45","slug":"monsignore-konrad-meilinger-gestorben","status":"publish","type":"post","link":"https:\/\/www.fuldaernachrichten.de\/?p=166380","title":{"rendered":"Monsignore Konrad Meilinger gestorben"},"content":{"rendered":"<p>Im 82. Lebensjahr und im 55. Jahr seines Priestertums ist am 10. August in Hanau OStR i. R. Geistlicher Rat Monsignore Konrad Meilinger gestorben. <\/p>\n<p>Msgr. Meilinger wurde 1936 in Fulda geboren. Die Priesterweihe empfing er am 6. April 1963 nach philosophisch-theologischen Studien in Fulda und Innsbruck im Fuldaer Dom durch Bischof Dr. Adolf Bolte. Er war dann zun\u00e4chst als Kaplan in Flieden t\u00e4tig und wurde 1966 Kaplan in Petersberg. 1967 kam Msgr. Meilinger als Religionslehrer an die Ludwig-Gei\u00dfler-Schule in Hanau, wo er bis zu seiner Emeritierung im Sommer 1997 t\u00e4tig war. 1975 erfolgte die Ernennung zum Oberstudienrat. Der Verstorbene wirkte ab 1967 auch als Landeskurat der Pfadfinderinnenschaft St. Georg f\u00fcr den Bezirk Land Fulda. In Anerkennung seiner Verdienste ernannte ihn Erzbischof Dr. Johannes Dyba 1995 zum Geistlichen Rat. Im Mai 2009 wurde er von Papst Benedikt XVI. zum \u201eP\u00e4pstlichen Ehrenkaplan\u201c (Monsignore) ernannt. \u00dcber vier Jahrzehnte war Msgr. Meilinger als Spiritual f\u00fcr die St\u00e4ndigen Diakone im Diakonatskreis in den Dekanaten Hanau und Kinzigtal t\u00e4tig.<\/p>\n<p>Das Requiem f\u00fcr den Verstorbenen findet am Mittwoch, 23. August, um 12 Uhr in der Kirche St. Elisabeth in Hanau statt. Die Beerdigung ist anschlie\u00dfend auf dem Kesselst\u00e4dter Friedhof.<\/p>\n","protected":false},"excerpt":{"rendered":"<div class=\"tmnf_excerpt\"><p>Im 82. Lebensjahr und im 55. Jahr seines Priestertums ist am 10. August in Hanau OStR i. R. Geistlicher Rat Monsignore Konrad Meilinger gestorben. Msgr. Meilinger wurde 1936 in Fulda geboren. Die Priesterweihe empfing er am 6. April 1963 nach philosophisch-theologischen Studien in Fulda und Innsbruck im Fuldaer Dom durch Bischof Dr. Adolf Bolte. Er &hellip;<\/p>\n<\/div>","protected":false},"author":1,"featured_media":166384,"comment_status":"closed","ping_status":"closed","sticky":false,"template":"","format":"standard","meta":{"footnotes":""},"categories":[1],"tags":[],"class_list":["post-166380","post","type-post","status-publish","format-standard","has-post-thumbnail","hentry","category-startseite"],"_links":{"self":[{"href":"https:\/\/www.fuldaernachrichten.de\/index.php?rest_route=\/wp\/v2\/posts\/166380","targetHints":{"allow":["GET"]}}],"collection":[{"href":"https:\/\/www.fuldaernachrichten.de\/index.php?rest_route=\/wp\/v2\/posts"}],"about":[{"href":"https:\/\/www.fuldaernachrichten.de\/index.php?rest_route=\/wp\/v2\/types\/post"}],"author":[{"embeddable":true,"href":"https:\/\/www.fuldaernachrichten.de\/index.php?rest_route=\/wp\/v2\/users\/1"}],"replies":[{"embeddable":true,"href":"https:\/\/www.fuldaernachrichten.de\/index.php?rest_route=%2Fwp%2Fv2%2Fcomments&post=166380"}],"version-history":[{"count":1,"href":"https:\/\/www.fuldaernachrichten.de\/index.php?rest_route=\/wp\/v2\/posts\/166380\/revisions"}],"predecessor-version":[{"id":166385,"href":"https:\/\/www.fuldaernachrichten.de\/index.php?rest_route=\/wp\/v2\/posts\/166380\/revisions\/166385"}],"wp:featuredmedia":[{"embeddable":true,"href":"https:\/\/www.fuldaernachrichten.de\/index.php?rest_route=\/wp\/v2\/media\/166384"}],"wp:attachment":[{"href":"https:\/\/www.fuldaernachrichten.de\/index.php?rest_route=%2Fwp%2Fv2%2Fmedia&parent=166380"}],"wp:term":[{"taxonomy":"category","embeddable":true,"href":"https:\/\/www.fuldaernachrichten.de\/index.php?rest_route=%2Fwp%2Fv2%2Fcategories&post=166380"},{"taxonomy":"post_tag","embeddable":true,"href":"https:\/\/www.fuldaernachrichten.de\/index.php?rest_route=%2Fwp%2Fv2%2Ftags&post=166380"}],"curies":[{"name":"wp","href":"https:\/\/api.w.org\/{rel}","templated":true}]}}