{"id":166377,"date":"2017-08-15T21:58:22","date_gmt":"2017-08-15T19:58:22","guid":{"rendered":"http:\/\/www.fuldaer-nachrichten.de\/?p=166377"},"modified":"2017-08-15T21:58:22","modified_gmt":"2017-08-15T19:58:22","slug":"125-jungs-und-maedchen-starten-am-alsfelder-gymnasium","status":"publish","type":"post","link":"https:\/\/www.fuldaernachrichten.de\/?p=166377","title":{"rendered":"125 Jungs und M\u00e4dchen starten am Alsfelder Gymnasium"},"content":{"rendered":"<p><a href=\"http:\/\/www.fuldaer-nachrichten.de\/wp-content\/uploads\/2017\/08\/1-hillebrand.jpg\"><img decoding=\"async\" src=\"http:\/\/www.fuldaer-nachrichten.de\/wp-content\/uploads\/2017\/08\/1-hillebrand-265x177.jpg\" alt=\"\" width=\"265\" height=\"177\" class=\"alignleft size-thumbnail wp-image-166381\" srcset=\"https:\/\/www.fuldaernachrichten.de\/wp-content\/uploads\/2017\/08\/1-hillebrand-265x177.jpg 265w, https:\/\/www.fuldaernachrichten.de\/wp-content\/uploads\/2017\/08\/1-hillebrand-768x512.jpg 768w, https:\/\/www.fuldaernachrichten.de\/wp-content\/uploads\/2017\/08\/1-hillebrand-600x400.jpg 600w, https:\/\/www.fuldaernachrichten.de\/wp-content\/uploads\/2017\/08\/1-hillebrand.jpg 900w\" sizes=\"(max-width: 265px) 100vw, 265px\" \/><\/a>\u201eGemeinsam? \u2013 Stark!\u201c \u2013 Es war ein sch\u00f6nes Motto, das Schulpfarrerin Katja D\u00f6rge sich am Montagmorgen f\u00fcr den Einf\u00fchrungsgottesdienst der frischgebackenen F\u00fcnftkl\u00e4ssler der Albert-Schweitzer-Schule \u00fcberlegt hatte: Nicht Leistung, nicht Druck, nicht Erfolg standen hier im Vordergrund, sondern das Verbindende, das, was Gemeinschaft ausmacht, was Menschen zusammenf\u00fchrt und zu Freunden werden l\u00e4sst. Ein guter Start also f\u00fcr die 125 Jungs und M\u00e4dchen, die am Montag als Gymnasiasten an der Albert-Schweitzer-Schule eingeschult wurden und die nach dem Gottesdienst traditionell vom Chorprojekt unter der Leitung von Christina M\u00fcller in der Aula der Schule am Oberstufenstandort in der Krebsbach begr\u00fc\u00dft wurden.<\/p>\n<p>Diesem Thema schloss Schulleiterin Elisabeth Hillebrand sich in ihrer Begr\u00fc\u00dfungsrede gerne an. Erwartungsvoll und auch ein wenig neugierig blickten die Kinder von den Stufen der B\u00fchne in die Menge der mitgekommenen Familienmitglieder, die sie an diesem bedeutsamen Tag begleitet hatten. Hillebrand unterstrich, wie wichtig der Albert-Schweitzer-Schule eine Atmosph\u00e4re der Qualit\u00e4t und des Wohlf\u00fchlens sei. Die Tatsache, dass sowohl ganz alte Abiturientenjahrg\u00e4nge immer noch den Weg in die alte Schule suchten, als auch junge, frischgebackene Abiturienten gerne kurz vorbeischauen, verdeutliche, dass dies gelingt, so die Schulleiterin. \u201eIn den kommenden neun Jahren wartet eine anstrengend-sch\u00f6ne Zeit auf euch\u201c, versprach sie den Zehnj\u00e4hrigen. \u201eNat\u00fcrlich wird es ohne Lernen nicht gehen, wenn ihr den h\u00f6chsten deutschen Schulabschluss erreichen wollt\u201c, betonte sie, machte aber deutlich, dass die Albert-Schweitzer-Schule sich als Partner auf dem Entwicklungs- und Bildungsweg der Kinder sehe, den sie gemeinsam mit Eltern begleiten wolle. Auch Fallstricke des Lebens werde man versuchen, gemeinsam zu entwirren und auch in Krisen zu den Kindern stehen. \u201eDies ist der Geist der Schule, den wir auch unserem Namensgeber Albert Schweitzer verdanken, dessen Name vor mehr als sechzig Jahren sehr bewusst gew\u00e4hlt wurde.\u201c Partnerschaftlicher Umgang, Wertsch\u00e4tzung, Toleranz, R\u00fccksichtnahme, Offenheit und Freundlichkeit zeichneten diesen Geist aus, so Hillebrand weiter, die sich auf viele Begegnungen mit den neuen Sch\u00fclerinnen und Sch\u00fclern im Schulalltag freue. Neben all dem, was am Gymnasium geleistet werden m\u00fcsse, stehe also das Wohl der Jungs und M\u00e4dchen im Vordergrund: \u201eWas will man mehr als zufriedene Kinder?\u201c, sprach die Schulleiterin den Eltern wohl aus dem Herzen.<\/p>\n<p>Dass die Stimmung an der Albert-Schweitzer-Schule gut ist, unterstrich der n\u00e4chste gutgelaunte Programmpunkt: Die Cheerleader-AG unter der Leitung von Jean Rossa war angetreten, um mit viel Power und jeder Menge Pompons auf einen bunten Schulalltag einzustimmen.<\/p>\n<p>Einen solchen bunten und abwechslungsreichen Schulalltag erm\u00f6glicht auch der F\u00f6rderverein der Schule. Dessen Vorsitzender Dieter Welker nutzte die Anwesenheit der neuen Eltern, um ein wenig Werbung f\u00fcr diese Institution zu machen, die j\u00e4hrlich etwa f\u00fcnf- bis zehntausend Euro in den Schulbetrieb gibt, um diese \u201eohnehin schon sehr gute Schule noch ein wenig besser zu machen.\u201c Mit Hilfe von Partner aus der Region, sowohl aus der Wirtschaft als auch aus anderen Bereichen, gelingt es dem Verein, viele einzelne Projekte zu unterst\u00fctzen, die \u00fcber das Schulbudget hinausgehen: Eine Boulderwand und einen Pumptrack an dem Standort in der Schillerstra\u00dfe hat der F\u00f6rderverein mitfinanziert, er ist beteiligt an der Ausstattung der Bibliothek und des naturwissenschaftlichen Sektors, er unterst\u00fctzt Lesungen und Kunstprojekte. Mit einer Mitgliedschaft werde man auf jeden Fall zum Wohl der Schule und damit der Kinder t\u00e4tig sein.<\/p>\n<p>Diese warteten nun aber ganz gespannt auf ihre neuen Mitsch\u00fcler: Wen w\u00fcrden sie schon kennen und wen erst noch kennenlernen? F\u00fcnf neue Klassen fanden sich an diesem Morgen zusammen und liefen von der Krebsbach in die Schillerstra\u00dfe, um dort in die n\u00e4chsten neun Jahre zu starten. Eine aufregende, spannende und manchmal auch anstrengende Zeit wird vor ihnen liegen. Sie werden neue Freundschaften schlie\u00dfen und viele f\u00fcrs Leben lernen. \u201eVerbundenheit, Zusammenhalt, Gemeinschaft\u201c, w\u00fcnschten alle Beteiligten den jungen Leuten f\u00fcr diesen Start.<\/p>\n","protected":false},"excerpt":{"rendered":"<div class=\"tmnf_excerpt\"><p>\u201eGemeinsam? \u2013 Stark!\u201c \u2013 Es war ein sch\u00f6nes Motto, das Schulpfarrerin Katja D\u00f6rge sich am Montagmorgen f\u00fcr den Einf\u00fchrungsgottesdienst der frischgebackenen F\u00fcnftkl\u00e4ssler der Albert-Schweitzer-Schule \u00fcberlegt hatte: Nicht Leistung, nicht Druck, nicht Erfolg standen hier im Vordergrund, sondern das Verbindende, das, was Gemeinschaft ausmacht, was Menschen zusammenf\u00fchrt und zu Freunden werden l\u00e4sst. Ein guter Start also &hellip;<\/p>\n<\/div>","protected":false},"author":1,"featured_media":166382,"comment_status":"closed","ping_status":"closed","sticky":false,"template":"","format":"standard","meta":{"footnotes":""},"categories":[1],"tags":[],"class_list":["post-166377","post","type-post","status-publish","format-standard","has-post-thumbnail","hentry","category-startseite"],"_links":{"self":[{"href":"https:\/\/www.fuldaernachrichten.de\/index.php?rest_route=\/wp\/v2\/posts\/166377","targetHints":{"allow":["GET"]}}],"collection":[{"href":"https:\/\/www.fuldaernachrichten.de\/index.php?rest_route=\/wp\/v2\/posts"}],"about":[{"href":"https:\/\/www.fuldaernachrichten.de\/index.php?rest_route=\/wp\/v2\/types\/post"}],"author":[{"embeddable":true,"href":"https:\/\/www.fuldaernachrichten.de\/index.php?rest_route=\/wp\/v2\/users\/1"}],"replies":[{"embeddable":true,"href":"https:\/\/www.fuldaernachrichten.de\/index.php?rest_route=%2Fwp%2Fv2%2Fcomments&post=166377"}],"version-history":[{"count":1,"href":"https:\/\/www.fuldaernachrichten.de\/index.php?rest_route=\/wp\/v2\/posts\/166377\/revisions"}],"predecessor-version":[{"id":166383,"href":"https:\/\/www.fuldaernachrichten.de\/index.php?rest_route=\/wp\/v2\/posts\/166377\/revisions\/166383"}],"wp:featuredmedia":[{"embeddable":true,"href":"https:\/\/www.fuldaernachrichten.de\/index.php?rest_route=\/wp\/v2\/media\/166382"}],"wp:attachment":[{"href":"https:\/\/www.fuldaernachrichten.de\/index.php?rest_route=%2Fwp%2Fv2%2Fmedia&parent=166377"}],"wp:term":[{"taxonomy":"category","embeddable":true,"href":"https:\/\/www.fuldaernachrichten.de\/index.php?rest_route=%2Fwp%2Fv2%2Fcategories&post=166377"},{"taxonomy":"post_tag","embeddable":true,"href":"https:\/\/www.fuldaernachrichten.de\/index.php?rest_route=%2Fwp%2Fv2%2Ftags&post=166377"}],"curies":[{"name":"wp","href":"https:\/\/api.w.org\/{rel}","templated":true}]}}