{"id":166376,"date":"2017-08-15T21:57:36","date_gmt":"2017-08-15T19:57:36","guid":{"rendered":"http:\/\/www.fuldaer-nachrichten.de\/?p=166376"},"modified":"2017-08-15T21:57:36","modified_gmt":"2017-08-15T19:57:36","slug":"ds-smith-vergroessert-team-am-standort-fulda-ausbildungs-und-studienbeginn-fuer-10-junge-menschen","status":"publish","type":"post","link":"https:\/\/www.fuldaernachrichten.de\/?p=166376","title":{"rendered":"DS Smith vergr\u00f6\u00dfert Team am Standort Fulda &#8211; Ausbildungs- und Studienbeginn f\u00fcr 10 junge Menschen"},"content":{"rendered":"<p>Heute schon an morgen denken\u00e2\u20ac\u00a6 Mit einer Ausbildung bzw. einem Studium legen junge Menschen einen wichtigen Grundstein f\u00fcr ihre berufliche Zukunft. Im Ausbildungsjahr 2017 haben sich 10 junge Menschen dazu entschieden, ihre berufliche Karriere am DS Smith Standort in Fulda zu beginnen. Mit einem Einf\u00fchrungstag wurden sie nun im Unternehmen willkommen gehei\u00dfen.<\/p>\n<p>DS Smith besch\u00e4ftigt weltweit 26.000 Mitarbeiter, davon arbeiten rund 300 Mitarbeiter am Standort in Fulda. Ein gro\u00dfer Fokus liegt hier auf der Aus- und Weiterbildung. Die Produkte des Unternehmens hat fast jeder schon einmal gesehen: in den innovativen Display- und Verpackungsl\u00f6sungen aus dem Basismaterial Wellpappe, die im Werk Fulda entwickelt und produziert werden, pr\u00e4sentieren f\u00fchrende Markenartikelhersteller ihre Produkte im Handel. <\/p>\n<p>\u201eIhre Entscheidung f\u00fcr DS Smith und den Standort in Fulda war gleich aus mehreren Gr\u00fcnden eine gute Wahl\u201c, betonte R\u00fcdiger Lindner, General Manager des DS Smith Standortes in Fulda, zu Beginn des Einf\u00fchrungstages f\u00fcr die neuen Auszubildenden und dualen Studenten. \u201eUnsere Produkte sind nachhaltig und Verpackungen werden ben\u00f6tigt, so lange Waren transportiert werden, im klassischen Handel ebenso wie im Online-Handel. Wir sind ein stark wachsender, weltweiter Konzern und auch am Standort Fulda wird regelm\u00e4\u00dfig in neueste Technologie investiert. Ausbildung, Studium und Weiterbildung haben bei uns einen hohen Standard und einen hohen Stellenwert. Geben Sie ab dem ersten Tag Gas, zeigen sie Leistungswillen und Engagement und haben Sie Spa\u00df am Lernen.\u201c <\/p>\n<p>Eva-Maria Bachmann, HR Managerin am Standort Fulda, erg\u00e4nzte: \u201eNur mit hoch qualifizierten und motivierten Mitarbeitern werden wir auch in Zukunft zu den f\u00fchrenden Unternehmen in unserer Branche z\u00e4hlen. F\u00fcr die hohe Qualit\u00e4t unserer Ausbildung spricht, dass viele unserer Auszubildenden jeweils als Beste ihres Jahrgangs von der IHK gew\u00fcrdigt wurden. Unsere Ausbildungsquote liegt bei stolzen 10 bis 12 Prozent, so holen wir uns heute schon die F\u00fchrungskr\u00e4fte von morgen an Bord.\u201c Abschlie\u00dfend w\u00fcnschte Sie allen Nachwuchskr\u00e4ften einen guten Start und sagte: \u201eEs ist sch\u00f6n, junge Menschen bei ihrer Entwicklung zu begleiten und sie ihren Weg gehen zu sehen. Ich freue mich darauf, mit Ihnen zusammenzuarbeiten.\u201c<\/p>\n<p>\u201eBei DS Smith f\u00f6rdern und fordern wir unsere Auszubildenden und dualen Studenten, um qualifizierte Mitarbeiter zu gewinnen\u201c, betonte Astrid Vollmer, HR Specialist am Standort Fulda, w\u00e4hrend des Einf\u00fchrungstages. Sie wies dabei auch auf die zahlreichen zus\u00e4tzlichen F\u00f6rderangebote hin, die DS Smith den jungen Menschen anbietet, von Englischtraining bis zum Besuch von Fachmessen.<\/p>\n<p>Der Einf\u00fchrungstag bot den Neuen zudem die M\u00f6glichkeit einen ersten Eindruck von der Gr\u00f6\u00dfe und Struktur des DS Smith Konzerns zu bekommen, der in 37 L\u00e4ndern vertreten ist. Der Betriebsrat und die Jugend- und Auszubildenden-Vertretung stellten sich ebenso vor wie einige der Ausbilder. Ein Betriebsrundgang rundete das Programm f\u00fcr die k\u00fcnftigen Mitarbeiter und deren Eltern ab. <\/p>\n<p>Am Standort Fulda bietet DS Smith die Wahl zwischen acht Ausbildungsberufen und f\u00fcnf Dualen Studieng\u00e4ngen. Detaillierte Informationen finden Interessierte unter www.dssmith.com\/ausbildung und www.dssmith.com\/studium. Wer Interesse an einem der begehrten Ausbildungspl\u00e4tze oder einem der Studieng\u00e4nge hat, kann sich direkt unter astrid.vollmer@dssmith.com beim Unternehmen bewerben. <\/p>\n<p>Bild: Die 10 neuen Talente von DS Smith hatten bereits am ersten Tag sichtlich Spa\u00df. Oben von links nach rechts: Ausbilder Steffen Streck mit den Auszubildenden und Studenten: Celina R\u00fchl (Industriekauffrau), Tim Focke (Industriekaufmann) und Lutz Hoenke (Packmitteltechnologe). Mitte von links nach rechts: Ina Kr\u00f6cker (Packmitteltechnologin \u2013 Design), Andreas Gr\u00fcnwald (Packmitteltechnologe \u2013 Design), Louis Mollst\u00e4tter (Mediengstalter Digital und Print), Jan Heindl (Industriemechaniker). Unten von links nach rechts: Henrik Hofmann (Packmitteltechnologe),\u00c2\u00a0 Tim Dimmerling (duales Studium technisches Vertriebsmanagement), Eddward Rutz (Industriemechaniker) und Astrid Vollmer, die als HR Specialist am Standort Fulda arbeitet.<\/p>\n","protected":false},"excerpt":{"rendered":"<div class=\"tmnf_excerpt\"><p>Heute schon an morgen denken\u00e2\u20ac\u00a6 Mit einer Ausbildung bzw. einem Studium legen junge Menschen einen wichtigen Grundstein f\u00fcr ihre berufliche Zukunft. Im Ausbildungsjahr 2017 haben sich 10 junge Menschen dazu entschieden, ihre berufliche Karriere am DS Smith Standort in Fulda zu beginnen. Mit einem Einf\u00fchrungstag wurden sie nun im Unternehmen willkommen gehei\u00dfen. DS Smith besch\u00e4ftigt &hellip;<\/p>\n<\/div>","protected":false},"author":1,"featured_media":166378,"comment_status":"closed","ping_status":"closed","sticky":false,"template":"","format":"standard","meta":{"footnotes":""},"categories":[1],"tags":[],"class_list":["post-166376","post","type-post","status-publish","format-standard","has-post-thumbnail","hentry","category-startseite"],"_links":{"self":[{"href":"https:\/\/www.fuldaernachrichten.de\/index.php?rest_route=\/wp\/v2\/posts\/166376","targetHints":{"allow":["GET"]}}],"collection":[{"href":"https:\/\/www.fuldaernachrichten.de\/index.php?rest_route=\/wp\/v2\/posts"}],"about":[{"href":"https:\/\/www.fuldaernachrichten.de\/index.php?rest_route=\/wp\/v2\/types\/post"}],"author":[{"embeddable":true,"href":"https:\/\/www.fuldaernachrichten.de\/index.php?rest_route=\/wp\/v2\/users\/1"}],"replies":[{"embeddable":true,"href":"https:\/\/www.fuldaernachrichten.de\/index.php?rest_route=%2Fwp%2Fv2%2Fcomments&post=166376"}],"version-history":[{"count":1,"href":"https:\/\/www.fuldaernachrichten.de\/index.php?rest_route=\/wp\/v2\/posts\/166376\/revisions"}],"predecessor-version":[{"id":166379,"href":"https:\/\/www.fuldaernachrichten.de\/index.php?rest_route=\/wp\/v2\/posts\/166376\/revisions\/166379"}],"wp:featuredmedia":[{"embeddable":true,"href":"https:\/\/www.fuldaernachrichten.de\/index.php?rest_route=\/wp\/v2\/media\/166378"}],"wp:attachment":[{"href":"https:\/\/www.fuldaernachrichten.de\/index.php?rest_route=%2Fwp%2Fv2%2Fmedia&parent=166376"}],"wp:term":[{"taxonomy":"category","embeddable":true,"href":"https:\/\/www.fuldaernachrichten.de\/index.php?rest_route=%2Fwp%2Fv2%2Fcategories&post=166376"},{"taxonomy":"post_tag","embeddable":true,"href":"https:\/\/www.fuldaernachrichten.de\/index.php?rest_route=%2Fwp%2Fv2%2Ftags&post=166376"}],"curies":[{"name":"wp","href":"https:\/\/api.w.org\/{rel}","templated":true}]}}