{"id":166371,"date":"2017-08-15T21:59:35","date_gmt":"2017-08-15T19:59:35","guid":{"rendered":"http:\/\/www.fuldaer-nachrichten.de\/?p=166371"},"modified":"2017-08-15T21:59:35","modified_gmt":"2017-08-15T19:59:35","slug":"vortrag-des-geschichtsvereins-zum-fuldaer-bahnhof","status":"publish","type":"post","link":"https:\/\/www.fuldaernachrichten.de\/?p=166371","title":{"rendered":"Vortrag des Geschichtsvereins zum Fuldaer Bahnhof"},"content":{"rendered":"<p>Zu einem Vortrag mit dem Titel \u201eIm Schatten von Krieg und Krisen &#8211; Der gro\u00dfe Ausbau des Bahnhofs Fulda im ersten Viertel des 20. Jahrhunderts\u201c l\u00e4dt der Fuldaer Geschichtsverein alle Interessierten am Donnerstag, 17. August, um 19 Uhr ins Forum Kanzlerpalais (Unterm Heilig Kreuz, Fulda) ein. <\/p>\n<p>Der Referent Dr. Lutz M\u00fcnzer beleuchtet die Situation des Bahnstandorts Fulda im zweiten und dritten Jahrzehnt des vergangenen Jahrhunderts, als die Fuldaer Bahnhofsanlagen jenen Zuschnitt erhielten, der bis zur Einf\u00fchrung der Neubaustrecke Hannover\u2013W\u00fcrzburg anzutreffen war. Wie erkl\u00e4rt sich die f\u00fcr eine Stadt von der Gr\u00f6\u00dfe Fuldas sehr ausgedehnte Anlage? Dieser Frage geht der Vortrag auf der Grundlage von Akten der Eisenbahndirektion Frankfurt nach. Dabei zeigt sich, dass Planung und Ausf\u00fchrung der Bauma\u00dfnahme zun\u00e4chst durch den Ersten Weltkrieg und in der Folge durch die wirtschaftlichen Krisen in der Weimarer Republik gehemmt wurden.<\/p>\n<p>Es handelte sich bei dem Ausbau keinesfalls um eine bahninterne Angelegenheit \u2013 vielmehr bedurfte es von Anfang an der Einbindung der Stadt Fulda. Die zwischen Bahn und Stadt teils strittigen Fragen der Stadtentwicklung ziehen sich wie ein roter Faden durch das Projekt.<\/p>\n","protected":false},"excerpt":{"rendered":"<div class=\"tmnf_excerpt\"><p>Zu einem Vortrag mit dem Titel \u201eIm Schatten von Krieg und Krisen &#8211; Der gro\u00dfe Ausbau des Bahnhofs Fulda im ersten Viertel des 20. Jahrhunderts\u201c l\u00e4dt der Fuldaer Geschichtsverein alle Interessierten am Donnerstag, 17. August, um 19 Uhr ins Forum Kanzlerpalais (Unterm Heilig Kreuz, Fulda) ein. Der Referent Dr. Lutz M\u00fcnzer beleuchtet die Situation des &hellip;<\/p>\n<\/div>","protected":false},"author":1,"featured_media":166390,"comment_status":"closed","ping_status":"closed","sticky":false,"template":"","format":"standard","meta":{"footnotes":""},"categories":[1],"tags":[],"class_list":["post-166371","post","type-post","status-publish","format-standard","has-post-thumbnail","hentry","category-startseite"],"_links":{"self":[{"href":"https:\/\/www.fuldaernachrichten.de\/index.php?rest_route=\/wp\/v2\/posts\/166371","targetHints":{"allow":["GET"]}}],"collection":[{"href":"https:\/\/www.fuldaernachrichten.de\/index.php?rest_route=\/wp\/v2\/posts"}],"about":[{"href":"https:\/\/www.fuldaernachrichten.de\/index.php?rest_route=\/wp\/v2\/types\/post"}],"author":[{"embeddable":true,"href":"https:\/\/www.fuldaernachrichten.de\/index.php?rest_route=\/wp\/v2\/users\/1"}],"replies":[{"embeddable":true,"href":"https:\/\/www.fuldaernachrichten.de\/index.php?rest_route=%2Fwp%2Fv2%2Fcomments&post=166371"}],"version-history":[{"count":1,"href":"https:\/\/www.fuldaernachrichten.de\/index.php?rest_route=\/wp\/v2\/posts\/166371\/revisions"}],"predecessor-version":[{"id":166391,"href":"https:\/\/www.fuldaernachrichten.de\/index.php?rest_route=\/wp\/v2\/posts\/166371\/revisions\/166391"}],"wp:featuredmedia":[{"embeddable":true,"href":"https:\/\/www.fuldaernachrichten.de\/index.php?rest_route=\/wp\/v2\/media\/166390"}],"wp:attachment":[{"href":"https:\/\/www.fuldaernachrichten.de\/index.php?rest_route=%2Fwp%2Fv2%2Fmedia&parent=166371"}],"wp:term":[{"taxonomy":"category","embeddable":true,"href":"https:\/\/www.fuldaernachrichten.de\/index.php?rest_route=%2Fwp%2Fv2%2Fcategories&post=166371"},{"taxonomy":"post_tag","embeddable":true,"href":"https:\/\/www.fuldaernachrichten.de\/index.php?rest_route=%2Fwp%2Fv2%2Ftags&post=166371"}],"curies":[{"name":"wp","href":"https:\/\/api.w.org\/{rel}","templated":true}]}}