{"id":166370,"date":"2017-08-15T21:59:09","date_gmt":"2017-08-15T19:59:09","guid":{"rendered":"http:\/\/www.fuldaer-nachrichten.de\/?p=166370"},"modified":"2017-08-15T21:59:09","modified_gmt":"2017-08-15T19:59:09","slug":"elf-neue-malteser-schulsanitaeter","status":"publish","type":"post","link":"https:\/\/www.fuldaernachrichten.de\/?p=166370","title":{"rendered":"Elf neue Malteser-Schulsanit\u00e4ter"},"content":{"rendered":"<p>Die L\u00fcdertalschule in Gro\u00dfenl\u00fcder ist in Sachen Erste Hilfe gut ger\u00fcstet. Elf neue Schulsanit\u00e4ter wurden von der Malteser-Di\u00f6zesanreferentin f\u00fcr die Schulsanit\u00e4tsdienste, Brigitta Br\u00e4hler-Fischer, f\u00fcr das neue Schuljahr in ihrem Ehrenamt aufgenommen. Sie dankte den Jugendlichen f\u00fcr ihre Hilfsbereitschaft und ihr Engagement, sich neben den regul\u00e4ren Schulverpflichtungen f\u00fcr andere einzusetzen. <\/p>\n<p>Im vergangenen Schuljahr hatten die elf zun\u00e4chst in der Klasse 8 einen Erste-Hilfe-Kurs absolviert und danach freiwillig weitere 37 Unterrichtseinheiten erweiterte Ersthilfe-Ma\u00dfnahmen unter Anleitung der Malteser erlernt und geprobt. <\/p>\n<p>Finanziell unterst\u00fctzt wird die Ausbildung der  Schulsanit\u00e4ter der L\u00fcdertalschule schon seit Jahren von der Fuldaer Spezial-Maschinenbaufirma Hubtex, die in den Reihen der ehrenamtlich aktiven Sch\u00fcler gerne ihre Auszubildenden sucht, weil sie deren soziale Kompetenz zu sch\u00e4tzen wei\u00df. Auch die Raiffeisenbank eG  Gro\u00dfenl\u00fcder sponsert die Schulsanit\u00e4terausbildung an der L\u00fcdertalschule. Gl\u00fcckw\u00fcnsche f\u00fcr die \u201eNeuen\u201c gab es von Gabriele Schuchert, die als Lehrerin den Schulsanit\u00e4tsdienst betreut, und dem 1. Konrektor Bernd Nophut.  Als Dank f\u00fcr ihre Dienstbereitschaft erhielten die neuen Schulsanit\u00e4ter von den Maltesern neben der Urkunde noch ein Notfall-Beatmungstuch.<br \/>\nFoto: (von links:) Malteser-Di\u00f6zesanreferentin Brigitta Br\u00e4hler-Fischer, Erwin K\u00f6mpel von der Raiffeisenbank Gro\u00dfenl\u00fcder, die neuen Schulsanit\u00e4ter,( rechts:) Lehrerin Gabriele Schuchert. <\/p>\n","protected":false},"excerpt":{"rendered":"<div class=\"tmnf_excerpt\"><p>Die L\u00fcdertalschule in Gro\u00dfenl\u00fcder ist in Sachen Erste Hilfe gut ger\u00fcstet. Elf neue Schulsanit\u00e4ter wurden von der Malteser-Di\u00f6zesanreferentin f\u00fcr die Schulsanit\u00e4tsdienste, Brigitta Br\u00e4hler-Fischer, f\u00fcr das neue Schuljahr in ihrem Ehrenamt aufgenommen. Sie dankte den Jugendlichen f\u00fcr ihre Hilfsbereitschaft und ihr Engagement, sich neben den regul\u00e4ren Schulverpflichtungen f\u00fcr andere einzusetzen. Im vergangenen Schuljahr hatten die elf &hellip;<\/p>\n<\/div>","protected":false},"author":1,"featured_media":166387,"comment_status":"closed","ping_status":"closed","sticky":false,"template":"","format":"standard","meta":{"footnotes":""},"categories":[1],"tags":[],"class_list":["post-166370","post","type-post","status-publish","format-standard","has-post-thumbnail","hentry","category-startseite"],"_links":{"self":[{"href":"https:\/\/www.fuldaernachrichten.de\/index.php?rest_route=\/wp\/v2\/posts\/166370","targetHints":{"allow":["GET"]}}],"collection":[{"href":"https:\/\/www.fuldaernachrichten.de\/index.php?rest_route=\/wp\/v2\/posts"}],"about":[{"href":"https:\/\/www.fuldaernachrichten.de\/index.php?rest_route=\/wp\/v2\/types\/post"}],"author":[{"embeddable":true,"href":"https:\/\/www.fuldaernachrichten.de\/index.php?rest_route=\/wp\/v2\/users\/1"}],"replies":[{"embeddable":true,"href":"https:\/\/www.fuldaernachrichten.de\/index.php?rest_route=%2Fwp%2Fv2%2Fcomments&post=166370"}],"version-history":[{"count":1,"href":"https:\/\/www.fuldaernachrichten.de\/index.php?rest_route=\/wp\/v2\/posts\/166370\/revisions"}],"predecessor-version":[{"id":166388,"href":"https:\/\/www.fuldaernachrichten.de\/index.php?rest_route=\/wp\/v2\/posts\/166370\/revisions\/166388"}],"wp:featuredmedia":[{"embeddable":true,"href":"https:\/\/www.fuldaernachrichten.de\/index.php?rest_route=\/wp\/v2\/media\/166387"}],"wp:attachment":[{"href":"https:\/\/www.fuldaernachrichten.de\/index.php?rest_route=%2Fwp%2Fv2%2Fmedia&parent=166370"}],"wp:term":[{"taxonomy":"category","embeddable":true,"href":"https:\/\/www.fuldaernachrichten.de\/index.php?rest_route=%2Fwp%2Fv2%2Fcategories&post=166370"},{"taxonomy":"post_tag","embeddable":true,"href":"https:\/\/www.fuldaernachrichten.de\/index.php?rest_route=%2Fwp%2Fv2%2Ftags&post=166370"}],"curies":[{"name":"wp","href":"https:\/\/api.w.org\/{rel}","templated":true}]}}