{"id":166367,"date":"2017-08-15T21:56:08","date_gmt":"2017-08-15T19:56:08","guid":{"rendered":"http:\/\/www.fuldaer-nachrichten.de\/?p=166367"},"modified":"2017-08-15T21:56:08","modified_gmt":"2017-08-15T19:56:08","slug":"wir-sind-dann-mal-weg-das-unheimliche-artensterben-in-europas-agrarlandschaften","status":"publish","type":"post","link":"https:\/\/www.fuldaernachrichten.de\/?p=166367","title":{"rendered":"Wir sind dann mal weg \u2013 Das (un)heimliche Artensterben in Europas Agrarlandschaften"},"content":{"rendered":"<p>Die Vogelsberger GR\u00dcNEN laden ein zu einer Informations- und Diskussionsveranstaltung zum R\u00fcckgang der Artenvielfalt, am Montag 21. August um 18:30 Uhr im \u201eEulenfang\u201c, Hauptstra\u00dfe 9 in Lauterbach-Maar.<\/p>\n<p>Referenten sind Martin H\u00e4usling MdEP, Agrarpolitischer Sprecher f\u00fcr Die Gr\u00fcnen\/EFA im europ\u00e4ischen Parlament, Dr. Wolfgang Dennh\u00f6fer (BUND), Karl-Heinz Zobich (NABU) und Eva Goldbach MdL, Sprecherin f\u00fcr den l\u00e4ndlichen Raum und gr\u00fcne Direktkandidatin f\u00fcr den Wahlkreis Gie\u00dfen\/Vogelsberg.<\/p>\n<p>Martin H\u00e4usling ist Herausgeber der Studie \u201eWir sind dann mal weg \u2013 Das (un)heimliche Artensterben in Europas Agrarlandschaften.\u201c  Anl\u00e4sslich der Vorstellung der Neuauflage sagte er: \u201eDie heute vorgestellten Ergebnisse zeigen deutlich: Europa und Deutschland sind weit davon entfernt, die selbst gesteckten Ziele zum Schutz der biologischen Vielfalt bis zum Jahr 2020 zu erreichen. Den gr\u00f6\u00dften Anteil daran tr\u00e4gt eine immer intensiver wirtschaftende Landwirtschaft, die in wachsendem Ma\u00dfe mit Umweltverschmutzung, Artenschwund und Tierleid einhergeht und dar\u00fcber hinaus die Erwartungen der Verbraucher verfehlt. Die n\u00e4chste Agrarreform muss sich diesen Forderungen stellen und eine grunds\u00e4tzliche politische Neuausrichtung mit sich bringen. Die Forderung \u00e2\u20ac\u0161\u00d6ffentliches Geld f\u00fcr \u00f6ffentliche Leistungen\u00e2\u20ac\u203a darf sich nicht nur in Worten, sondern muss sich auch in der Subventionspolitik widerspiegeln.\u201c<br \/>\nIn Europa leben heute 421 Millionen V\u00f6gel weniger als noch vor 30 Jahren. Feldsperling, Braunkehlchen, Rebhuhn geh\u00f6ren zu den stark dezimierten Arten. Brutr\u00e4ume wurden vernichtet, das Nahrungsangebot hat sich stark verringert.<\/p>\n<p>Sicherlich stellen auch Hochspannungsleitungen, Windr\u00e4der und Jagd eine Gefahr f\u00fcr V\u00f6gel und Flederm\u00e4use dar. Die Verluste, die dadurch entstehen, sind jedoch minimal im Vergleich mit dem massiven Artensterben, das durch die moderne Landwirtschaft verursacht wurde und wird. Immer weniger Wildkr\u00e4uter, Bl\u00fchpflanzen, weniger Insekten, weniger V\u00f6gel sind die Folge.<br \/>\nDurch den bedenkenlosen Einsatz des Totalherbizids Glyphosat haben einzelne Bl\u00fctenpflanzen seit den 1950er Jahren \u00fcber 99 Prozent ihres Bestandes eingeb\u00fc\u00dft. Der Feldgrash\u00fcpfer ist innerhalb weniger Jahre fast vollst\u00e4ndig verschwunden, in intensiven Ackerbaugebieten wie der Wetterau gibt es ihn quasi nicht mehr. Neue Erkenntnisse zur Gef\u00e4hrlichkeit der Pestizid-Stoffklasse der Neonicotinoide zeigen, dass diese nicht nur Bienen, sondern auch V\u00f6gel und sogar S\u00e4ugetiere bedroht.<br \/>\nWeniger Monokulturen, kleinere Einheiten mit Fruchtfolge, gr\u00f6\u00dfere Sortenvielfalt der Ackerfr\u00fcchte, breitere Ackerrandstreifen, Hecken, weniger h\u00e4ufiges M\u00e4hen, weniger Einsatz von Pestiziden, Stickstoff- und Phosphatd\u00fcnger w\u00e4ren notwendig, um das Artensterben und ebenso auch die Vergiftung von Wasser und Boden zu stoppen.<\/p>\n<p>Die Biodiversit\u00e4tsstrategie des hessischen Umweltministeriums, die Eva Goldbach vorstellen wird, ist ein Schritt in die richtige Richtung. Dazu geh\u00f6ren Bl\u00fchstreifen und \u201ewilde Ecken\u201c, die man schon an einigen Stellen im Vogelsberg finden kann. Die Situation im Vogelsberg und Ma\u00dfnahmen zum Erhalt der Biodiversit\u00e4t werden Dr. Dennh\u00f6fer und Herr Zobich darstellen.<br \/>\nMartin H\u00e4usling fordert eine Trendwende in der deutschen und europ\u00e4ischen Agrar- und Umweltpolitik.<br \/>\nAlle Interessierten sind herzlich eingeladen.<\/p>\n","protected":false},"excerpt":{"rendered":"<div class=\"tmnf_excerpt\"><p>Die Vogelsberger GR\u00dcNEN laden ein zu einer Informations- und Diskussionsveranstaltung zum R\u00fcckgang der Artenvielfalt, am Montag 21. August um 18:30 Uhr im \u201eEulenfang\u201c, Hauptstra\u00dfe 9 in Lauterbach-Maar. Referenten sind Martin H\u00e4usling MdEP, Agrarpolitischer Sprecher f\u00fcr Die Gr\u00fcnen\/EFA im europ\u00e4ischen Parlament, Dr. Wolfgang Dennh\u00f6fer (BUND), Karl-Heinz Zobich (NABU) und Eva Goldbach MdL, Sprecherin f\u00fcr den l\u00e4ndlichen &hellip;<\/p>\n<\/div>","protected":false},"author":1,"featured_media":0,"comment_status":"closed","ping_status":"closed","sticky":false,"template":"","format":"standard","meta":{"footnotes":""},"categories":[1],"tags":[],"class_list":["post-166367","post","type-post","status-publish","format-standard","hentry","category-startseite"],"_links":{"self":[{"href":"https:\/\/www.fuldaernachrichten.de\/index.php?rest_route=\/wp\/v2\/posts\/166367","targetHints":{"allow":["GET"]}}],"collection":[{"href":"https:\/\/www.fuldaernachrichten.de\/index.php?rest_route=\/wp\/v2\/posts"}],"about":[{"href":"https:\/\/www.fuldaernachrichten.de\/index.php?rest_route=\/wp\/v2\/types\/post"}],"author":[{"embeddable":true,"href":"https:\/\/www.fuldaernachrichten.de\/index.php?rest_route=\/wp\/v2\/users\/1"}],"replies":[{"embeddable":true,"href":"https:\/\/www.fuldaernachrichten.de\/index.php?rest_route=%2Fwp%2Fv2%2Fcomments&post=166367"}],"version-history":[{"count":1,"href":"https:\/\/www.fuldaernachrichten.de\/index.php?rest_route=\/wp\/v2\/posts\/166367\/revisions"}],"predecessor-version":[{"id":166372,"href":"https:\/\/www.fuldaernachrichten.de\/index.php?rest_route=\/wp\/v2\/posts\/166367\/revisions\/166372"}],"wp:attachment":[{"href":"https:\/\/www.fuldaernachrichten.de\/index.php?rest_route=%2Fwp%2Fv2%2Fmedia&parent=166367"}],"wp:term":[{"taxonomy":"category","embeddable":true,"href":"https:\/\/www.fuldaernachrichten.de\/index.php?rest_route=%2Fwp%2Fv2%2Fcategories&post=166367"},{"taxonomy":"post_tag","embeddable":true,"href":"https:\/\/www.fuldaernachrichten.de\/index.php?rest_route=%2Fwp%2Fv2%2Ftags&post=166367"}],"curies":[{"name":"wp","href":"https:\/\/api.w.org\/{rel}","templated":true}]}}