{"id":166360,"date":"2017-08-15T21:54:27","date_gmt":"2017-08-15T19:54:27","guid":{"rendered":"http:\/\/www.fuldaer-nachrichten.de\/?p=166360"},"modified":"2017-08-15T21:54:27","modified_gmt":"2017-08-15T19:54:27","slug":"stadtentwicklung-im-waidesgrund-reden-sie-mit","status":"publish","type":"post","link":"https:\/\/www.fuldaernachrichten.de\/?p=166360","title":{"rendered":"Stadtentwicklung im Waidesgrund: Reden Sie mit!"},"content":{"rendered":"<p>Die Stadt Fulda startet am Dienstag, 15. August, eine Onlinebeteiligung f\u00fcr alle B\u00fcrgerinnen und B\u00fcrger. Es geht um die Neugestaltung des Areals am Waidesgrund. Die bahnhofsnahe, st\u00e4dtische Fl\u00e4che soll nach den Vorstellungen der Stadtverwaltung und den ersten Beschl\u00fcssen der Stadtverordnetenversammlung zuk\u00fcnftig f\u00fcr Wohnungsbau und eine Erweiterung des Hotel- und Kongresszentrums dienen. Bei der Entwicklung soll der Fokus auf bezahlbaren Wohnraum in einem gemischten, urbanen Quartier liegen.<\/p>\n<p>Bis zum 8. September 2017 haben B\u00fcrgerinnen und B\u00fcrger die M\u00f6glichkeit auf den Internetseiten der Stadt (http:\/\/www.fulda.de\/bauen\/stadtplanung\/buergerbeteiligung-waidesgrund.html) ihre Vorstellungen zur Neunutzung der Kleingartenanlage im Waidesgrund einbringen. Der Aufruf an die B\u00fcrgerinnen und B\u00fcrger, ihre Bed\u00fcrfnisse und Vorstellungen f\u00fcr die Gestaltung des geplanten Wohngebiets der Stadt mitzuteilen, ist einer der ersten Schritte, mit denen die Verwaltung die Neunutzung konkretisiert. Ziel ist es, das Quartier an den Bed\u00fcrfnissen der Bev\u00f6lkerung auszurichten. Im Anschluss an die Onlinebeteiligung sollen die Ergebnisse in den anstehenden st\u00e4dtebaulichen Ideenwettbewerb einflie\u00dfen. Die Anforderungen an die teilnehmenden Planungsb\u00fcros werden, neben den unterschiedlichen st\u00e4dtebaulichen, gestalterischen, funktionalen und \u00f6kologischen Anforderungen, auch die Ideen der B\u00fcrgerinnen und B\u00fcrger umfassen. Das Stadtplanungsamt wertet die B\u00fcrger-R\u00fcckmeldungen zu diesem Zweck aus und \u00fcbermittelt diese den Planern. Voraussichtlich im Dezember 2017 wird dann das Wettbewerbspreisgericht tagen.<\/p>\n<p>Im Mittelpunkt der Onlinebeteiligung stehen die Bed\u00fcrfnisse der k\u00fcnftigen Bewohner und Bewohnerinnen und der Nutzen f\u00fcr die Gesamtstadt. Die Leitfragen lauten: \u201eWas braucht Fulda im Bereich Wohnen in der Innenstadt? Welche Bed\u00fcrfnisse muss der Waidesgrund bei einer Nutzung als Wohngebiet abdecken oder erf\u00fcllen? Welche Bed\u00fcrfnisse haben Sie als potentielle, zuk\u00fcnftige Bewohnerinnen beziehungsweise Bewohner?\u201c Zu sechs Kategorien \u2013 \u201eWohnformen und Lebensstile\u201c, \u201eFreifl\u00e4chen und \u00dcberg\u00e4nge\u201c, \u201eSoziale Infrastruktur und Nahversorgung\u201c, \u201eVerkehr und allt\u00e4gliche Wege\u201c, \u201eCharakter und Besonderheiten\u201c, \u201eSonstiges\u201c erhofft sich die Stadt konkrete Ideen aus der B\u00fcrgerschaft.        <\/p>\n","protected":false},"excerpt":{"rendered":"<div class=\"tmnf_excerpt\"><p>Die Stadt Fulda startet am Dienstag, 15. August, eine Onlinebeteiligung f\u00fcr alle B\u00fcrgerinnen und B\u00fcrger. Es geht um die Neugestaltung des Areals am Waidesgrund. Die bahnhofsnahe, st\u00e4dtische Fl\u00e4che soll nach den Vorstellungen der Stadtverwaltung und den ersten Beschl\u00fcssen der Stadtverordnetenversammlung zuk\u00fcnftig f\u00fcr Wohnungsbau und eine Erweiterung des Hotel- und Kongresszentrums dienen. Bei der Entwicklung soll &hellip;<\/p>\n<\/div>","protected":false},"author":1,"featured_media":166364,"comment_status":"closed","ping_status":"closed","sticky":false,"template":"","format":"standard","meta":{"footnotes":""},"categories":[1],"tags":[],"class_list":["post-166360","post","type-post","status-publish","format-standard","has-post-thumbnail","hentry","category-startseite"],"_links":{"self":[{"href":"https:\/\/www.fuldaernachrichten.de\/index.php?rest_route=\/wp\/v2\/posts\/166360","targetHints":{"allow":["GET"]}}],"collection":[{"href":"https:\/\/www.fuldaernachrichten.de\/index.php?rest_route=\/wp\/v2\/posts"}],"about":[{"href":"https:\/\/www.fuldaernachrichten.de\/index.php?rest_route=\/wp\/v2\/types\/post"}],"author":[{"embeddable":true,"href":"https:\/\/www.fuldaernachrichten.de\/index.php?rest_route=\/wp\/v2\/users\/1"}],"replies":[{"embeddable":true,"href":"https:\/\/www.fuldaernachrichten.de\/index.php?rest_route=%2Fwp%2Fv2%2Fcomments&post=166360"}],"version-history":[{"count":1,"href":"https:\/\/www.fuldaernachrichten.de\/index.php?rest_route=\/wp\/v2\/posts\/166360\/revisions"}],"predecessor-version":[{"id":166365,"href":"https:\/\/www.fuldaernachrichten.de\/index.php?rest_route=\/wp\/v2\/posts\/166360\/revisions\/166365"}],"wp:featuredmedia":[{"embeddable":true,"href":"https:\/\/www.fuldaernachrichten.de\/index.php?rest_route=\/wp\/v2\/media\/166364"}],"wp:attachment":[{"href":"https:\/\/www.fuldaernachrichten.de\/index.php?rest_route=%2Fwp%2Fv2%2Fmedia&parent=166360"}],"wp:term":[{"taxonomy":"category","embeddable":true,"href":"https:\/\/www.fuldaernachrichten.de\/index.php?rest_route=%2Fwp%2Fv2%2Fcategories&post=166360"},{"taxonomy":"post_tag","embeddable":true,"href":"https:\/\/www.fuldaernachrichten.de\/index.php?rest_route=%2Fwp%2Fv2%2Ftags&post=166360"}],"curies":[{"name":"wp","href":"https:\/\/api.w.org\/{rel}","templated":true}]}}