{"id":166341,"date":"2017-08-15T21:52:31","date_gmt":"2017-08-15T19:52:31","guid":{"rendered":"http:\/\/www.fuldaer-nachrichten.de\/?p=166341"},"modified":"2017-08-15T21:52:31","modified_gmt":"2017-08-15T19:52:31","slug":"wichtiger-baustein-in-der-kinderbetreuung-vier-wochen-schulkindbetreuung-der-bhvb-behindertenhilfe-vogelsbergkreis-e-v-in-herbstein","status":"publish","type":"post","link":"https:\/\/www.fuldaernachrichten.de\/?p=166341","title":{"rendered":"Wichtiger Baustein in der Kinderbetreuung: Vier Wochen Schulkindbetreuung der bhvb &#8211; Behindertenhilfe Vogelsbergkreis e.V. in Herbstein"},"content":{"rendered":"<p>Ein verl\u00e4sslicher Partner f\u00fcr alle Eltern und Familien ist die Schulkindbetreuung, die die bhvb &#8211; Behindertenhilfe Vogelsbergkreis e.V. im Auftrag der Stadt Herbstein leistet \u2013 und das nicht nur w\u00e4hrend der Schulzeit, sondern auch in den Ferien und zwar ganze vier Wochen lang! Ein Angebot, das gerade f\u00fcr berufst\u00e4tige Eltern j\u00fcngerer Kinder von gro\u00dfer Bedeutung ist und f\u00fcr viel Erleichterung in der Organisation sorgt, wie Sven Nophut und Albina Hanke vom Betreuungsteam wissen. Und mehr als das: Auch die Kinder freuen sich \u00fcber die Abwechslung im Ferienalltag, schlie\u00dflich standen auch in diesem Sommer wieder tolle Sachen auf dem Programm.<\/p>\n<p>Ab in den Wald und auf die Wiesen, hie\u00df es zu Beginn der Betreuung: Die erste Woche verbrachten die Kids mit ihren Betreuern drau\u00dfen. \u201eWir hatten viele p\u00e4dagogische Waldspiele vorbereitet\u201c, berichtet Albina Hanke im Anschluss. So konnten die Kinder mit allem, was sie so im Geh\u00f6lz fanden, eine Murmelbahn bauen und sich auch austoben. \u201eRichtig dreckig machen konnten sie sich auch\u201c, lacht Sven Nophut \u2013 der Vogelsberger Sommer hatte in der Tat zwischendurch f\u00fcr sch\u00f6nstes Matschwetter gesorgt. In der darauffolgenden Kreativ-Woche konnten die Kinder Outdoor-Spiele selbst herstellen. Auf diese Weise entstand in der hauseigenen Werkstatt ein Wikinger-Spiel, das die ganzen Ferien lang noch ausgiebig gespielt wurde, dessen Herstellung aber mehr als nur Besch\u00e4ftigung war: \u201eWir haben die Kl\u00f6tze und Figuren aus blo\u00dfem Holz hergestellt\u201c, erl\u00e4utert Nophut. Der P\u00e4dagoge wei\u00df, dass in diesem Prozess Fingerfertigkeit, Geschick und Motorik ge\u00fcbt werden, spielerisch und ganz nebenbei, genauso wie im Spiel selbst, Teamgeist und Kommunikation gest\u00e4rkt werden. Die dritte Betreuungswoche stand unter dem Motto \u201eSport und Aktivit\u00e4t\u201c. Auf dem Sportplatz nahe dem Gel\u00e4nde der Freiherr-vom-Stein-Schule bauten die Kinder allein oder in kleinen Gruppen die verschiedensten Sandburgen und beobachteten \u00fcber die folgenden Tage, wie lange sich diese wohl halten w\u00fcrden. Es ging zum Kegeln und Minigolfen, auch die Turnhalle vor Ort bot viel Gelegenheit zum Spielen und Toben, besonders beliebt bei den Kindern waren die Sportarten Fu\u00dfball und Hockey.<br \/>\nWeniger bewegungsorientiert, daf\u00fcr aber sehr interessant und f\u00fcr viele Kinder auch neu, war die Koch- und Backwoche am Ende der Betreuungszeit und damit auch am Ende der Ferien. In der Einrichtung roch es wahlweise nach frischgebackenem Brot, duftender Beerenmarmelade oder einem feinen Nudelgericht. Auch Muffins und Waffeln standen auf der reichhaltigen Speisekarte der jungen K\u00f6che. \u201eWir haben viel zusammen gemacht \u2013 ganz besonders erstaunt waren die Kinder \u00fcber unsere selbsthergestellten Brennnesselnudeln\u201c, berichtet Albina Hanke. Dass man einfach rausgeht, die eigentlich nicht so beliebten Brennnesseln pfl\u00fcckt und damit ein leckeres Essen kocht, konnten sich viele der Kids am Anfang nicht vorstellen. \u201eWir haben auch gemeinsam eingekauft und geschaut, welche Produkte wir regional bekommen oder gar aus dem eigenen Garten mitbringen k\u00f6nnen\u201c, erkl\u00e4rt Sven Nophut das Konzept. Auf diese Weise konnten die Kinder spielerisch den verantwortungsbewussten Umgang mit Lebensmitteln lernen und dazu auch noch genie\u00dfen.<\/p>\n<p>F\u00fcr Sven Nophut, Albina Hanke und die frischgebackene FSJ-lerin Denise Traud ist es aber auch wichtig, den Kindern ihren Freiraum zu lassen: \u201eUnser Angebot ist wirklich ein Angebot. Wer von den Kindern keine Lust dazu hat und lieber etwas anderes spielen m\u00f6chte, lieber bastelt oder malt, der kann dies den ganzen Tag \u00fcber nach Herzenslust tun \u2013 M\u00f6glichkeiten f\u00fcr all das gibt es bei uns genug. Schlie\u00dflich sind es die Ferien der Kinder!\u201c<\/p>\n<p>Dem Konzept hinter dieser Betreuung gibt die Konstanz Recht, mit der Familien aus der ganzen Gro\u00dfgemeinde Herbstein das Angebot nutzen, auch zum wiederholten Mal. Ihre ganzen Erzeugnisse \u2013 von Bastelarbeiten bis zur Beerenmarmelade &#8211; stellten die Kinder am letzten Betreuungstag \u00fcbrigens ihren Eltern vor. Bei einem gemeinsamen Grillfest zum Abschluss, an dem sich viele schon auf die Betreuung in den n\u00e4chsten Ferien freuten. Und das ist schon bald: F\u00fcr die Herbstferien arbeitet das kreative Team schon jetzt wieder an vielen guten Ideen!<\/p>\n","protected":false},"excerpt":{"rendered":"<div class=\"tmnf_excerpt\"><p>Ein verl\u00e4sslicher Partner f\u00fcr alle Eltern und Familien ist die Schulkindbetreuung, die die bhvb &#8211; Behindertenhilfe Vogelsbergkreis e.V. im Auftrag der Stadt Herbstein leistet \u2013 und das nicht nur w\u00e4hrend der Schulzeit, sondern auch in den Ferien und zwar ganze vier Wochen lang! Ein Angebot, das gerade f\u00fcr berufst\u00e4tige Eltern j\u00fcngerer Kinder von gro\u00dfer Bedeutung &hellip;<\/p>\n<\/div>","protected":false},"author":1,"featured_media":166350,"comment_status":"closed","ping_status":"closed","sticky":false,"template":"","format":"gallery","meta":{"footnotes":""},"categories":[1],"tags":[],"class_list":["post-166341","post","type-post","status-publish","format-gallery","has-post-thumbnail","hentry","category-startseite","post_format-post-format-gallery"],"_links":{"self":[{"href":"https:\/\/www.fuldaernachrichten.de\/index.php?rest_route=\/wp\/v2\/posts\/166341","targetHints":{"allow":["GET"]}}],"collection":[{"href":"https:\/\/www.fuldaernachrichten.de\/index.php?rest_route=\/wp\/v2\/posts"}],"about":[{"href":"https:\/\/www.fuldaernachrichten.de\/index.php?rest_route=\/wp\/v2\/types\/post"}],"author":[{"embeddable":true,"href":"https:\/\/www.fuldaernachrichten.de\/index.php?rest_route=\/wp\/v2\/users\/1"}],"replies":[{"embeddable":true,"href":"https:\/\/www.fuldaernachrichten.de\/index.php?rest_route=%2Fwp%2Fv2%2Fcomments&post=166341"}],"version-history":[{"count":1,"href":"https:\/\/www.fuldaernachrichten.de\/index.php?rest_route=\/wp\/v2\/posts\/166341\/revisions"}],"predecessor-version":[{"id":166352,"href":"https:\/\/www.fuldaernachrichten.de\/index.php?rest_route=\/wp\/v2\/posts\/166341\/revisions\/166352"}],"wp:featuredmedia":[{"embeddable":true,"href":"https:\/\/www.fuldaernachrichten.de\/index.php?rest_route=\/wp\/v2\/media\/166350"}],"wp:attachment":[{"href":"https:\/\/www.fuldaernachrichten.de\/index.php?rest_route=%2Fwp%2Fv2%2Fmedia&parent=166341"}],"wp:term":[{"taxonomy":"category","embeddable":true,"href":"https:\/\/www.fuldaernachrichten.de\/index.php?rest_route=%2Fwp%2Fv2%2Fcategories&post=166341"},{"taxonomy":"post_tag","embeddable":true,"href":"https:\/\/www.fuldaernachrichten.de\/index.php?rest_route=%2Fwp%2Fv2%2Ftags&post=166341"}],"curies":[{"name":"wp","href":"https:\/\/api.w.org\/{rel}","templated":true}]}}