{"id":166329,"date":"2017-08-15T21:51:13","date_gmt":"2017-08-15T19:51:13","guid":{"rendered":"http:\/\/www.fuldaer-nachrichten.de\/?p=166329"},"modified":"2017-08-15T21:51:13","modified_gmt":"2017-08-15T19:51:13","slug":"abenteuercamp-der-kolpingjugend-fulda-ist-international-begegnung-mit-chinesen-und-andenbewohnern","status":"publish","type":"post","link":"https:\/\/www.fuldaernachrichten.de\/?p=166329","title":{"rendered":"Abenteuercamp der Kolpingjugend Fulda ist international &#8211; Begegnung mit Chinesen und Andenbewohnern"},"content":{"rendered":"<p>Die Koffer sind l\u00e4ngst wieder verstaut, die W\u00e4sche sitzt sauber im Schrank und der Alltag hat alle Teilnehmer eingefangen.  Doch der Camp-Hit 2017 klingt noch immer im Ohr. Was bleibt, ist die Erinnerung an eine fantastische Ferienwoche f\u00fcr 28 Kinder und ihr Betreuerteam in der Rh\u00f6n.<\/p>\n<p>\u201eDu bist stets f\u00fcr das verantwortlich, was du dir vertraut gemacht hast.\u201c So k\u00f6nnte man das Abenteuercamp der Kolpingjugend Di\u00f6zesanverband Fulda \u00fcberschreiben. Innerhalb von 5 Tagen wurde aus Kindern im Alter zwischen 8-15 Jahre eine tolle Gruppe, in der man aufeinander aufpasste. Dabei standen Gemeinschaft, Abenteuer und Glauben erleben im Vordergrund.<\/p>\n<p>Gew\u00f6hnlich ist der Start einer zusammengew\u00fcrfelten Gruppe z\u00f6gerlich. Nicht so beim diesj\u00e4hrigen Abenteuercamp der Kolpingjugend. Schon zu Beginn zeigte sich ein gro\u00dfes Verantwortungsbewusstsein und Vertrauen beim Erleben des Sprungtuches .<\/p>\n<p>Zwei Tage lang durften Sch\u00fclergruppen aus China teilnehmen. Die Teamerinnen und Teamer begr\u00fc\u00dften jeweils eine Gruppe von ca. 25 Sch\u00fclern aus dem fernen Osten und nahmen sie herzlich im Camp auf. Gemeinsam mit den deutschen Teilnehmern des Abenteuercamps verbrachten die zw\u00f6lf- bis f\u00fcnfzehnj\u00e4hrigen Jungen und M\u00e4dchen, die aus unterschiedlichen St\u00e4dten Chinas stammen, einen spannenden Tag in der Rh\u00f6n. Die Gruppen befanden sich auf Bildungsreise durch Europa und genossen sichtlich die Abwechslung, die die Erlebnisse in der Natur mit sich brachten. Strahlende Gesichter und interkultureller Austausch zeigten, dass es ganz leicht sein kann, miteinander gut auszukommen, selbst wenn man zu sehr unterschiedlichen Kulturen geh\u00f6rt.<\/p>\n<p>Dies bewiesen die Kinder bei der allabendlichen Reflexion mit Aussagen wie: \u201eIch kann jetzt auf chinesisch bis 100 z\u00e4hlen\u201c oder \u201eDie m\u00f6gen die gleiche Musik wie wir.\u201c Begleitet wurden die Gruppen von der ASTUR-Sprachreiseagentur mit Sitz in Fulda, die jedes Jahr f\u00fcr internationale Sch\u00fcler Sprach- und Studienaufenthalte in Deutschland und Europa organisiert. Seit 1986 begr\u00fc\u00dft ASTUR j\u00e4hrlich rund 15.000 Teilnehmer aus aller Welt und bietet seinen jungen internationalen G\u00e4sten neben fundiertem Spracherwerb auch unvergessliche interkulturelle Erfahrungen. Kolping ist eine weltweite Solidargemeinschaft.<\/p>\n<p>Nach Abreise der G\u00e4ste erlebten die Kids mit Kaplan Patrick Prahler eine wundersch\u00f6ne Andacht mit Blick auf das Wesentliche, n\u00e4mlich die Liebe Gottes. <\/p>\n<p>Wenn 28 Abenteurer mit 84 Beinen durch die Rh\u00f6n wandern, hat sich irgendjemand verz\u00e4hlt. Nicht so beim Abenteuercamp. Eine tierische Begegnung der etwas anderen Art sorgte f\u00fcr eine gro\u00dfe \u00dcberraschung am Donnerstag. 7 Lamas, eigentlich Andenbewohner in S\u00fcdamerika gingen mit auf Tour durch das Land der offenen Ferne. Die kuscheligen Lasttiere wurden schnell ins Herz geschlossen und liebevoll umsorgt. <\/p>\n<p>Alle, die Spa\u00df auf eine spannende und aktive Woche in der Gemeinschaft haben, k\u00f6nnen auch im kommenden Jahr 2018 vom 02.-06. Juli mit nach R\u00f6derhaid\/Rh\u00f6n fahren. Die Teamer freuen sich schon jetzt auf Euch. Information und Anmeldung bei der Kolpingjugend des Kolpingwerks im Bistum Fulda unter 0661-10000 oder auf www.kolping.fulda.de<\/p>\n","protected":false},"excerpt":{"rendered":"<div class=\"tmnf_excerpt\"><p>Die Koffer sind l\u00e4ngst wieder verstaut, die W\u00e4sche sitzt sauber im Schrank und der Alltag hat alle Teilnehmer eingefangen. Doch der Camp-Hit 2017 klingt noch immer im Ohr. Was bleibt, ist die Erinnerung an eine fantastische Ferienwoche f\u00fcr 28 Kinder und ihr Betreuerteam in der Rh\u00f6n. \u201eDu bist stets f\u00fcr das verantwortlich, was du dir &hellip;<\/p>\n<\/div>","protected":false},"author":1,"featured_media":166342,"comment_status":"closed","ping_status":"closed","sticky":false,"template":"","format":"standard","meta":{"footnotes":""},"categories":[1],"tags":[],"class_list":["post-166329","post","type-post","status-publish","format-standard","has-post-thumbnail","hentry","category-startseite"],"_links":{"self":[{"href":"https:\/\/www.fuldaernachrichten.de\/index.php?rest_route=\/wp\/v2\/posts\/166329","targetHints":{"allow":["GET"]}}],"collection":[{"href":"https:\/\/www.fuldaernachrichten.de\/index.php?rest_route=\/wp\/v2\/posts"}],"about":[{"href":"https:\/\/www.fuldaernachrichten.de\/index.php?rest_route=\/wp\/v2\/types\/post"}],"author":[{"embeddable":true,"href":"https:\/\/www.fuldaernachrichten.de\/index.php?rest_route=\/wp\/v2\/users\/1"}],"replies":[{"embeddable":true,"href":"https:\/\/www.fuldaernachrichten.de\/index.php?rest_route=%2Fwp%2Fv2%2Fcomments&post=166329"}],"version-history":[{"count":1,"href":"https:\/\/www.fuldaernachrichten.de\/index.php?rest_route=\/wp\/v2\/posts\/166329\/revisions"}],"predecessor-version":[{"id":166343,"href":"https:\/\/www.fuldaernachrichten.de\/index.php?rest_route=\/wp\/v2\/posts\/166329\/revisions\/166343"}],"wp:featuredmedia":[{"embeddable":true,"href":"https:\/\/www.fuldaernachrichten.de\/index.php?rest_route=\/wp\/v2\/media\/166342"}],"wp:attachment":[{"href":"https:\/\/www.fuldaernachrichten.de\/index.php?rest_route=%2Fwp%2Fv2%2Fmedia&parent=166329"}],"wp:term":[{"taxonomy":"category","embeddable":true,"href":"https:\/\/www.fuldaernachrichten.de\/index.php?rest_route=%2Fwp%2Fv2%2Fcategories&post=166329"},{"taxonomy":"post_tag","embeddable":true,"href":"https:\/\/www.fuldaernachrichten.de\/index.php?rest_route=%2Fwp%2Fv2%2Ftags&post=166329"}],"curies":[{"name":"wp","href":"https:\/\/api.w.org\/{rel}","templated":true}]}}