{"id":166327,"date":"2017-08-15T22:01:43","date_gmt":"2017-08-15T20:01:43","guid":{"rendered":"http:\/\/www.fuldaer-nachrichten.de\/?p=166327"},"modified":"2017-08-15T22:01:43","modified_gmt":"2017-08-15T20:01:43","slug":"wichtiges-vorsorge-thema-gut-hoeren-betrifft-die-ganze-familie%e2%80%a8-woche-des-hoerens-vom-11-bis-16-september-bei-trabert","status":"publish","type":"post","link":"https:\/\/www.fuldaernachrichten.de\/?p=166327","title":{"rendered":"Wichtiges Vorsorge-Thema: Gut h\u00f6ren betrifft die ganze Familie\u00e2\u20ac\u00a8 &#8211; Woche des H\u00f6rens vom 11. bis 16. September bei TRABERT"},"content":{"rendered":"<p>In Zusammenarbeit mit der F\u00f6rdergemeinschaft Gutes H\u00f6ren (FGH) l\u00e4dt TRABERT Besser H\u00f6ren vom 11. bis 16. September zur Woche des H\u00f6rens ein. Die H\u00f6rakustik-Teams der Institute Fulda (Steinweg 28) und Neuhof (Frankfurter Stra\u00dfe 3) haben hierzu ein umfangreiches Programm vorbereitet. Das Ziel: die Bev\u00f6lkerung zu sensibilisieren, ein H\u00f6rdefizit rechtzeitig zu erkennen und vorzusorgen. <\/p>\n<p>\u201eWir bieten kostenlose H\u00f6rtests sowie die M\u00f6glichkeit, am kostenlosen H\u00f6rtraining nach der TRABERT H\u00f6rweltmethode teilzunehmen. Au\u00dferdem gibt es umfassende Informationen rund um die M\u00f6glichkeiten einer modernen H\u00f6rsystemversorgung sowie ein Gewinnspiel mit wertvollen Preisen\u201c, berichtet H\u00f6rakustiker-Meister Andreas Trabert. <\/p>\n<p>Tests mit \u00fcber 23.000 Passanten in rund 300 St\u00e4dten<br \/>\nDenn: Gutes H\u00f6ren ist ein Thema, das die ganze Familie betrifft. Wie Tests der aktuellen FGH-H\u00f6rtour in knapp 300 St\u00e4dten mit mehr als 23.000 Passanten ergaben, leidet heute schon jeder achte Jugendliche unter einem H\u00f6rdefizit. Bei Testpersonen um die 40 ist etwa jeder Vierte betroffen. <\/p>\n<p>\u201eViele Menschen ignorieren jahrelang, dass sie ein H\u00f6rdefizit haben\u201c, so Andreas Trabert. Wer sich dem Thema stelle, k\u00f6nne auf einfache Weise neue Lebensqualit\u00e4t erlangen. Dies best\u00e4tigten auch zahlreiche Kunden-R\u00fcckmeldungen nach einer Versorgung mit modernen H\u00f6rsystemen. \u201eAussagen wie \u201ejetzt stehe ich wieder mitten im Leben\u201c\u00e2\u20ac\u02dc oder \u201ees war eigentlich ganz leicht\u201c h\u00f6ren wir immer wieder. Und mancher bereut ein bisschen, dass er nicht schon fr\u00fcher zum H\u00f6rtest gegangen ist.\u201c<\/p>\n","protected":false},"excerpt":{"rendered":"<div class=\"tmnf_excerpt\"><p>In Zusammenarbeit mit der F\u00f6rdergemeinschaft Gutes H\u00f6ren (FGH) l\u00e4dt TRABERT Besser H\u00f6ren vom 11. bis 16. September zur Woche des H\u00f6rens ein. Die H\u00f6rakustik-Teams der Institute Fulda (Steinweg 28) und Neuhof (Frankfurter Stra\u00dfe 3) haben hierzu ein umfangreiches Programm vorbereitet. Das Ziel: die Bev\u00f6lkerung zu sensibilisieren, ein H\u00f6rdefizit rechtzeitig zu erkennen und vorzusorgen. \u201eWir bieten &hellip;<\/p>\n<\/div>","protected":false},"author":1,"featured_media":166369,"comment_status":"closed","ping_status":"closed","sticky":false,"template":"","format":"standard","meta":{"footnotes":""},"categories":[1],"tags":[],"class_list":["post-166327","post","type-post","status-publish","format-standard","has-post-thumbnail","hentry","category-startseite"],"_links":{"self":[{"href":"https:\/\/www.fuldaernachrichten.de\/index.php?rest_route=\/wp\/v2\/posts\/166327","targetHints":{"allow":["GET"]}}],"collection":[{"href":"https:\/\/www.fuldaernachrichten.de\/index.php?rest_route=\/wp\/v2\/posts"}],"about":[{"href":"https:\/\/www.fuldaernachrichten.de\/index.php?rest_route=\/wp\/v2\/types\/post"}],"author":[{"embeddable":true,"href":"https:\/\/www.fuldaernachrichten.de\/index.php?rest_route=\/wp\/v2\/users\/1"}],"replies":[{"embeddable":true,"href":"https:\/\/www.fuldaernachrichten.de\/index.php?rest_route=%2Fwp%2Fv2%2Fcomments&post=166327"}],"version-history":[{"count":1,"href":"https:\/\/www.fuldaernachrichten.de\/index.php?rest_route=\/wp\/v2\/posts\/166327\/revisions"}],"predecessor-version":[{"id":166402,"href":"https:\/\/www.fuldaernachrichten.de\/index.php?rest_route=\/wp\/v2\/posts\/166327\/revisions\/166402"}],"wp:featuredmedia":[{"embeddable":true,"href":"https:\/\/www.fuldaernachrichten.de\/index.php?rest_route=\/wp\/v2\/media\/166369"}],"wp:attachment":[{"href":"https:\/\/www.fuldaernachrichten.de\/index.php?rest_route=%2Fwp%2Fv2%2Fmedia&parent=166327"}],"wp:term":[{"taxonomy":"category","embeddable":true,"href":"https:\/\/www.fuldaernachrichten.de\/index.php?rest_route=%2Fwp%2Fv2%2Fcategories&post=166327"},{"taxonomy":"post_tag","embeddable":true,"href":"https:\/\/www.fuldaernachrichten.de\/index.php?rest_route=%2Fwp%2Fv2%2Ftags&post=166327"}],"curies":[{"name":"wp","href":"https:\/\/api.w.org\/{rel}","templated":true}]}}