{"id":166324,"date":"2017-08-15T21:47:29","date_gmt":"2017-08-15T19:47:29","guid":{"rendered":"http:\/\/www.fuldaer-nachrichten.de\/?p=166324"},"modified":"2017-08-15T21:47:29","modified_gmt":"2017-08-15T19:47:29","slug":"ueber-250-neue-auszubildende-starten-bei-tegut-einfuehrungsseminare-in-fulda-haben-begonnen","status":"publish","type":"post","link":"https:\/\/www.fuldaernachrichten.de\/?p=166324","title":{"rendered":"\u00dcber 250 neue Auszubildende starten bei tegut\u00e2\u20ac\u00a6 Einf\u00fchrungsseminare in Fulda haben begonnen"},"content":{"rendered":"<p>Am 1. August starteten 130 tegut\u00e2\u20ac\u00a6 Auszubildende und Dual Studierende mit einem dreit\u00e4gigen Einf\u00fchrungsseminar in Fulda. Sie geh\u00f6ren zu insgesamt \u00fcber 250 Auszubildenden und Studierenden, die in den M\u00e4rkten, der Zentrale und der Logistik beginnen.<\/p>\n<p>Ausbildung mit guten Aussichten<br \/>\n\u201etegut\u00e2\u20ac\u00a6 ist als expandierendes Unternehmen ein spannender Ausbildungsbetrieb. Wir bieten eine fundierte Ausbildung. Wer sich im dynamischen Umfeld des Handels entwickeln will, Freude an Betriebswirtschaft, Kommunikation und Verkauf hat, der hat bei tegut\u00e2\u20ac\u00a6 gute Aussichten\u201c, berichtet Benjamin Br\u00e4hler. Der Bereichsleiter Berufsbildung wei\u00df, dass auch in Zukunft der gr\u00f6\u00dfte Teil der Stellen durch intern ausgebildete Mitarbeitende besetzt werden sollen.<\/p>\n<p>Gute W\u00fcnsche der Gesch\u00e4ftsleitung<br \/>\nKarl-Heinz Brand begr\u00fc\u00dfte die neuen tegutianer pers\u00f6nlich: \u201eWir freuen uns, Sie in unsere Arbeitsgemeinschaft aufzunehmen\u201c. Das Gesch\u00e4ftsleitungsmitglied verantwortlich f\u00fcr Personelles freut sich, dass durch spannende und herausfordernde Aufgaben das Engagement und der Lernwille befl\u00fcgelt wird.<\/p>\n<p>Moderne Lernmethoden und \u00dcbernahmengarantie<br \/>\nNach dem Einf\u00fchrungsseminar startet die betriebliche Ausbildung. Laut Brand lege tegut\u00e2\u20ac\u00a6 Wert darauf, mit modernen Lernmethoden Theorie und Praxis miteinander zu verbinden. Neben zahlreichen Seminaren stehen so insbesondere das Thema E-Learning und Projektarbeit auf dem Ausbildungsplan: \u201eWir wollen unseren Lernenden nach der Ausbildung eine sichere Zukunft und eine \u00dcbernahmegarantie bieten\u201c. tegut\u00e2\u20ac\u00a6 plant auch f\u00fcr 2018 wieder zahlreiche Ausbildungsstellen und duale Studienpl\u00e4tze. Interessierte k\u00f6nnen sich schon jetzt \u00fcber die tegut\u00e2\u20ac\u00a6 Homepage unter www.tegut.com\/karriere bewerben.<\/p>\n","protected":false},"excerpt":{"rendered":"<div class=\"tmnf_excerpt\"><p>Am 1. August starteten 130 tegut\u00e2\u20ac\u00a6 Auszubildende und Dual Studierende mit einem dreit\u00e4gigen Einf\u00fchrungsseminar in Fulda. Sie geh\u00f6ren zu insgesamt \u00fcber 250 Auszubildenden und Studierenden, die in den M\u00e4rkten, der Zentrale und der Logistik beginnen. Ausbildung mit guten Aussichten \u201etegut\u00e2\u20ac\u00a6 ist als expandierendes Unternehmen ein spannender Ausbildungsbetrieb. Wir bieten eine fundierte Ausbildung. Wer sich im &hellip;<\/p>\n<\/div>","protected":false},"author":1,"featured_media":166325,"comment_status":"closed","ping_status":"closed","sticky":false,"template":"","format":"standard","meta":{"footnotes":""},"categories":[1],"tags":[],"class_list":["post-166324","post","type-post","status-publish","format-standard","has-post-thumbnail","hentry","category-startseite"],"_links":{"self":[{"href":"https:\/\/www.fuldaernachrichten.de\/index.php?rest_route=\/wp\/v2\/posts\/166324","targetHints":{"allow":["GET"]}}],"collection":[{"href":"https:\/\/www.fuldaernachrichten.de\/index.php?rest_route=\/wp\/v2\/posts"}],"about":[{"href":"https:\/\/www.fuldaernachrichten.de\/index.php?rest_route=\/wp\/v2\/types\/post"}],"author":[{"embeddable":true,"href":"https:\/\/www.fuldaernachrichten.de\/index.php?rest_route=\/wp\/v2\/users\/1"}],"replies":[{"embeddable":true,"href":"https:\/\/www.fuldaernachrichten.de\/index.php?rest_route=%2Fwp%2Fv2%2Fcomments&post=166324"}],"version-history":[{"count":1,"href":"https:\/\/www.fuldaernachrichten.de\/index.php?rest_route=\/wp\/v2\/posts\/166324\/revisions"}],"predecessor-version":[{"id":166326,"href":"https:\/\/www.fuldaernachrichten.de\/index.php?rest_route=\/wp\/v2\/posts\/166324\/revisions\/166326"}],"wp:featuredmedia":[{"embeddable":true,"href":"https:\/\/www.fuldaernachrichten.de\/index.php?rest_route=\/wp\/v2\/media\/166325"}],"wp:attachment":[{"href":"https:\/\/www.fuldaernachrichten.de\/index.php?rest_route=%2Fwp%2Fv2%2Fmedia&parent=166324"}],"wp:term":[{"taxonomy":"category","embeddable":true,"href":"https:\/\/www.fuldaernachrichten.de\/index.php?rest_route=%2Fwp%2Fv2%2Fcategories&post=166324"},{"taxonomy":"post_tag","embeddable":true,"href":"https:\/\/www.fuldaernachrichten.de\/index.php?rest_route=%2Fwp%2Fv2%2Ftags&post=166324"}],"curies":[{"name":"wp","href":"https:\/\/api.w.org\/{rel}","templated":true}]}}