{"id":166323,"date":"2017-08-15T21:49:42","date_gmt":"2017-08-15T19:49:42","guid":{"rendered":"http:\/\/www.fuldaer-nachrichten.de\/?p=166323"},"modified":"2017-08-15T21:49:42","modified_gmt":"2017-08-15T19:49:42","slug":"miniclub-des-muetterzentrums-hat-noch-plaetze-frei","status":"publish","type":"post","link":"https:\/\/www.fuldaernachrichten.de\/?p=166323","title":{"rendered":"Miniclub des M\u00fctterzentrums hat noch Pl\u00e4tze frei"},"content":{"rendered":"<p>Im Miniclub des M\u00fctterzentrums \u201eDie M\u00dcTZE\u201c, Gallasiniring 8, in Fulda sind noch Pl\u00e4tze frei. Es gibt zwei Gruppen f\u00fcr Kinder ab 15 Monaten: \u201eDie Fl\u00f6he\u201c Montag und Donnertag und \u201eDie Strolche\u201c Mittwoch und Freitag jeweils in der Zeit von 8.30 \u2013 11.30 Uhr.<br \/>\nDie Kinder k\u00f6nnen soziale Kontakte kn\u00fcpfen und sich in einer vertrauten Gruppe in kleinen Schritten von den Eltern l\u00f6sen. Auch durch den strukturierten Tagesablauf mit gemeinsamem Fr\u00fchst\u00fcck, Spielen und Stuhlkreis werden die Kinder auf den Kindergarten vorbereitet. Bewegung f\u00fcr die Kleinen wird gro\u00df geschrieben, dazu werden der Bewegungsraum, Spielpl\u00e4tze und Spazierg\u00e4nge genutzt. N\u00e4here Informationen und Anmeldung unter Tel. 0661\/8050, Mo. \u2013 Fr. in der Zeit von 9.00 \u2013 13.00 Uhr.<\/p>\n","protected":false},"excerpt":{"rendered":"<div class=\"tmnf_excerpt\"><p>Im Miniclub des M\u00fctterzentrums \u201eDie M\u00dcTZE\u201c, Gallasiniring 8, in Fulda sind noch Pl\u00e4tze frei. Es gibt zwei Gruppen f\u00fcr Kinder ab 15 Monaten: \u201eDie Fl\u00f6he\u201c Montag und Donnertag und \u201eDie Strolche\u201c Mittwoch und Freitag jeweils in der Zeit von 8.30 \u2013 11.30 Uhr. Die Kinder k\u00f6nnen soziale Kontakte kn\u00fcpfen und sich in einer vertrauten Gruppe &hellip;<\/p>\n<\/div>","protected":false},"author":1,"featured_media":166334,"comment_status":"closed","ping_status":"closed","sticky":false,"template":"","format":"standard","meta":{"footnotes":""},"categories":[1],"tags":[],"class_list":["post-166323","post","type-post","status-publish","format-standard","has-post-thumbnail","hentry","category-startseite"],"_links":{"self":[{"href":"https:\/\/www.fuldaernachrichten.de\/index.php?rest_route=\/wp\/v2\/posts\/166323","targetHints":{"allow":["GET"]}}],"collection":[{"href":"https:\/\/www.fuldaernachrichten.de\/index.php?rest_route=\/wp\/v2\/posts"}],"about":[{"href":"https:\/\/www.fuldaernachrichten.de\/index.php?rest_route=\/wp\/v2\/types\/post"}],"author":[{"embeddable":true,"href":"https:\/\/www.fuldaernachrichten.de\/index.php?rest_route=\/wp\/v2\/users\/1"}],"replies":[{"embeddable":true,"href":"https:\/\/www.fuldaernachrichten.de\/index.php?rest_route=%2Fwp%2Fv2%2Fcomments&post=166323"}],"version-history":[{"count":1,"href":"https:\/\/www.fuldaernachrichten.de\/index.php?rest_route=\/wp\/v2\/posts\/166323\/revisions"}],"predecessor-version":[{"id":166335,"href":"https:\/\/www.fuldaernachrichten.de\/index.php?rest_route=\/wp\/v2\/posts\/166323\/revisions\/166335"}],"wp:featuredmedia":[{"embeddable":true,"href":"https:\/\/www.fuldaernachrichten.de\/index.php?rest_route=\/wp\/v2\/media\/166334"}],"wp:attachment":[{"href":"https:\/\/www.fuldaernachrichten.de\/index.php?rest_route=%2Fwp%2Fv2%2Fmedia&parent=166323"}],"wp:term":[{"taxonomy":"category","embeddable":true,"href":"https:\/\/www.fuldaernachrichten.de\/index.php?rest_route=%2Fwp%2Fv2%2Fcategories&post=166323"},{"taxonomy":"post_tag","embeddable":true,"href":"https:\/\/www.fuldaernachrichten.de\/index.php?rest_route=%2Fwp%2Fv2%2Ftags&post=166323"}],"curies":[{"name":"wp","href":"https:\/\/api.w.org\/{rel}","templated":true}]}}