{"id":166314,"date":"2017-08-14T06:35:12","date_gmt":"2017-08-14T04:35:12","guid":{"rendered":"http:\/\/www.fuldaer-nachrichten.de\/?p=166314"},"modified":"2017-08-14T06:35:12","modified_gmt":"2017-08-14T04:35:12","slug":"tag-der-offenen-tuer-beim-schuetzenverein-fulda","status":"publish","type":"post","link":"https:\/\/www.fuldaernachrichten.de\/?p=166314","title":{"rendered":"Tag der offenen T\u00fcr beim Sch\u00fctzenverein Fulda"},"content":{"rendered":"<p>Der Sch\u00fctzenverein Fulda, Richard M\u00fcller Str. 13 (n\u00e4he Auffahrt B27 Fulda\/Lehnerz) l\u00e4dt am Samstag, den 19.08.2017, von 12 Uhr bis 16 Uhr zu einem Tag der offenen T\u00fcr ein. In diesem Zusammenhang wird die runderneuerte Schie\u00dfanlage durch G\u00e4ste aus Politik und Wirtschaft er\u00f6ffnet: Durch die neue vollelektronische Schie\u00dfanlage f\u00fcr Luft- bzw. Kleinkalibergewehr werden die Schie\u00dfergebnisse in Realzeit ausgewertet und angezeigt. Durch diesen Umbau sind wird auf dem neusten Stand der Technik f\u00fcr Schie\u00dfanlagen. Weiterhin kann das Schie\u00dfen auf einen Bildschirm im Vereinslokal und im Vorraum live verfolgt werden. Mit dem neuen Lasergewehr, k\u00f6nnen schon Kinder ab dem 6. Lebensjahren ihr Talent unter Beweis stellen. Nebenbei Schie\u00dfen wird die Konzentration mit Spa\u00df gef\u00f6rdert. Somit ist Schie\u00dfen ein Sport f\u00fcr die ganze Familie. An diesem Samstag k\u00f6nnen alle Besucher es selbst probieren.<br \/>\nEine gro\u00dfe Tombola rundet den Tag ab. <\/p>\n","protected":false},"excerpt":{"rendered":"<div class=\"tmnf_excerpt\"><p>Der Sch\u00fctzenverein Fulda, Richard M\u00fcller Str. 13 (n\u00e4he Auffahrt B27 Fulda\/Lehnerz) l\u00e4dt am Samstag, den 19.08.2017, von 12 Uhr bis 16 Uhr zu einem Tag der offenen T\u00fcr ein. In diesem Zusammenhang wird die runderneuerte Schie\u00dfanlage durch G\u00e4ste aus Politik und Wirtschaft er\u00f6ffnet: Durch die neue vollelektronische Schie\u00dfanlage f\u00fcr Luft- bzw. Kleinkalibergewehr werden die Schie\u00dfergebnisse &hellip;<\/p>\n<\/div>","protected":false},"author":1,"featured_media":166318,"comment_status":"closed","ping_status":"closed","sticky":false,"template":"","format":"standard","meta":{"footnotes":""},"categories":[1],"tags":[],"class_list":["post-166314","post","type-post","status-publish","format-standard","has-post-thumbnail","hentry","category-startseite"],"_links":{"self":[{"href":"https:\/\/www.fuldaernachrichten.de\/index.php?rest_route=\/wp\/v2\/posts\/166314","targetHints":{"allow":["GET"]}}],"collection":[{"href":"https:\/\/www.fuldaernachrichten.de\/index.php?rest_route=\/wp\/v2\/posts"}],"about":[{"href":"https:\/\/www.fuldaernachrichten.de\/index.php?rest_route=\/wp\/v2\/types\/post"}],"author":[{"embeddable":true,"href":"https:\/\/www.fuldaernachrichten.de\/index.php?rest_route=\/wp\/v2\/users\/1"}],"replies":[{"embeddable":true,"href":"https:\/\/www.fuldaernachrichten.de\/index.php?rest_route=%2Fwp%2Fv2%2Fcomments&post=166314"}],"version-history":[{"count":1,"href":"https:\/\/www.fuldaernachrichten.de\/index.php?rest_route=\/wp\/v2\/posts\/166314\/revisions"}],"predecessor-version":[{"id":166319,"href":"https:\/\/www.fuldaernachrichten.de\/index.php?rest_route=\/wp\/v2\/posts\/166314\/revisions\/166319"}],"wp:featuredmedia":[{"embeddable":true,"href":"https:\/\/www.fuldaernachrichten.de\/index.php?rest_route=\/wp\/v2\/media\/166318"}],"wp:attachment":[{"href":"https:\/\/www.fuldaernachrichten.de\/index.php?rest_route=%2Fwp%2Fv2%2Fmedia&parent=166314"}],"wp:term":[{"taxonomy":"category","embeddable":true,"href":"https:\/\/www.fuldaernachrichten.de\/index.php?rest_route=%2Fwp%2Fv2%2Fcategories&post=166314"},{"taxonomy":"post_tag","embeddable":true,"href":"https:\/\/www.fuldaernachrichten.de\/index.php?rest_route=%2Fwp%2Fv2%2Ftags&post=166314"}],"curies":[{"name":"wp","href":"https:\/\/api.w.org\/{rel}","templated":true}]}}