{"id":166308,"date":"2017-08-14T06:33:46","date_gmt":"2017-08-14T04:33:46","guid":{"rendered":"http:\/\/www.fuldaer-nachrichten.de\/?p=166308"},"modified":"2017-08-14T06:33:46","modified_gmt":"2017-08-14T04:33:46","slug":"daenisch-mit-vorkenntnissen","status":"publish","type":"post","link":"https:\/\/www.fuldaernachrichten.de\/?p=166308","title":{"rendered":"D\u00e4nisch mit Vorkenntnissen"},"content":{"rendered":"<p>Ein D\u00e4nisch-Kurs der Volkshochschule des Landkreises Fulda f\u00fcr Teilnehmer mit einfachen Vorkenntnissen zielt auf die Vermittlung der Grammatik und der Aussprache im Hinblick auf die Bew\u00e4ltigung von Alltagssituationen. Kursbeginn ist am Montag, 4. September, um 17 Uhr im Eduard-Stieler-Campus, Br\u00fcder-Grimm-Str. 5, in Fulda. Infos und Anmeldung mit Kursnummer VP4030131 unter www.vhs-fulda.de oder telefonisch beim B\u00fcrgerservice (0661)6006-1600.<\/p>\n","protected":false},"excerpt":{"rendered":"<div class=\"tmnf_excerpt\"><p>Ein D\u00e4nisch-Kurs der Volkshochschule des Landkreises Fulda f\u00fcr Teilnehmer mit einfachen Vorkenntnissen zielt auf die Vermittlung der Grammatik und der Aussprache im Hinblick auf die Bew\u00e4ltigung von Alltagssituationen. Kursbeginn ist am Montag, 4. September, um 17 Uhr im Eduard-Stieler-Campus, Br\u00fcder-Grimm-Str. 5, in Fulda. Infos und Anmeldung mit Kursnummer VP4030131 unter www.vhs-fulda.de oder telefonisch beim B\u00fcrgerservice &hellip;<\/p>\n<\/div>","protected":false},"author":1,"featured_media":0,"comment_status":"closed","ping_status":"closed","sticky":false,"template":"","format":"standard","meta":{"footnotes":""},"categories":[1],"tags":[],"class_list":["post-166308","post","type-post","status-publish","format-standard","hentry","category-startseite"],"_links":{"self":[{"href":"https:\/\/www.fuldaernachrichten.de\/index.php?rest_route=\/wp\/v2\/posts\/166308","targetHints":{"allow":["GET"]}}],"collection":[{"href":"https:\/\/www.fuldaernachrichten.de\/index.php?rest_route=\/wp\/v2\/posts"}],"about":[{"href":"https:\/\/www.fuldaernachrichten.de\/index.php?rest_route=\/wp\/v2\/types\/post"}],"author":[{"embeddable":true,"href":"https:\/\/www.fuldaernachrichten.de\/index.php?rest_route=\/wp\/v2\/users\/1"}],"replies":[{"embeddable":true,"href":"https:\/\/www.fuldaernachrichten.de\/index.php?rest_route=%2Fwp%2Fv2%2Fcomments&post=166308"}],"version-history":[{"count":1,"href":"https:\/\/www.fuldaernachrichten.de\/index.php?rest_route=\/wp\/v2\/posts\/166308\/revisions"}],"predecessor-version":[{"id":166313,"href":"https:\/\/www.fuldaernachrichten.de\/index.php?rest_route=\/wp\/v2\/posts\/166308\/revisions\/166313"}],"wp:attachment":[{"href":"https:\/\/www.fuldaernachrichten.de\/index.php?rest_route=%2Fwp%2Fv2%2Fmedia&parent=166308"}],"wp:term":[{"taxonomy":"category","embeddable":true,"href":"https:\/\/www.fuldaernachrichten.de\/index.php?rest_route=%2Fwp%2Fv2%2Fcategories&post=166308"},{"taxonomy":"post_tag","embeddable":true,"href":"https:\/\/www.fuldaernachrichten.de\/index.php?rest_route=%2Fwp%2Fv2%2Ftags&post=166308"}],"curies":[{"name":"wp","href":"https:\/\/api.w.org\/{rel}","templated":true}]}}