{"id":166307,"date":"2017-08-14T06:34:26","date_gmt":"2017-08-14T04:34:26","guid":{"rendered":"http:\/\/www.fuldaer-nachrichten.de\/?p=166307"},"modified":"2017-08-14T06:34:26","modified_gmt":"2017-08-14T04:34:26","slug":"erinnerung-an-das-wirken-der-alliierten-auf-der-wasserkuppe-zur-sicherung-von-frieden-und-freiheit-im-nachkriegseuropa-ehrenmitgliedschaft-fuer-landrat-woide-bei-ehemaliger-us-einheit","status":"publish","type":"post","link":"https:\/\/www.fuldaernachrichten.de\/?p=166307","title":{"rendered":"Erinnerung an das Wirken der Alliierten auf der Wasserkuppe zur Sicherung von Frieden und Freiheit im Nachkriegseuropa &#8211; Ehrenmitgliedschaft f\u00fcr Landrat Woide bei ehemaliger US-Einheit"},"content":{"rendered":"<p>Zum Ehrenmitglied der \u201e616th Aircraft Control and Warning Squadron der United States Air Force Europe\u201c, deren Luftwaffeneinheit von 1960 bis 1978 auf der Wasserkuppe stationiert war, wurde Landrat Woide ernannt. Der deutsch-amerikanische Verbindungsoffizier James J. Harkins und Oberst Raymond B. Kleber \u00fcberreichten in einer Feierstunde die Ernennungsurkunde. Im Gegenzug erhielten Oberst Kleber und US-Verbindungsoffizier Harkins Ehrenurkunden f\u00fcr ihre besonderen Verdienste.<\/p>\n<p>Neben der Ernennungsurkunde nahm Landrat Woide Gl\u00fcckw\u00fcnsche f\u00fcr seine Unterst\u00fctzung vom Mitglied des US-Repr\u00e4sentantenhauses, Thomas Rooney,  entgegen. Kleber und Harkins bekamen vom Landkreis Fulda Ehrenurkunden f\u00fcr ihren pers\u00f6nlichen Beitrag zur Erhaltung von Frieden und Freiheit w\u00e4hrend ihres Einsatzes bei der Luftwaffeneinheit in der Zeit des Kalten Kriegs. Die Wasserkuppe war von 1945 bis 1998 milit\u00e4risches Gebiet, auf dem zeitweise bis zu 800 Soldaten den Luftraum \u00fcberwachten. Als \u201eThe Silent Sentinel-Guardian of the Freedom\u201c bezeichnet man die Luftwaffeneinheiten, die mit ihrem Dienst ma\u00dfgeblich zur Sicherung des Friedens in Europa beitrugen. \u201eOhne das Wirken der Soldaten zu dieser Zeit w\u00e4re ein Leben in Freiheit und Frieden nicht denkbar gewesen\u201c,  so Harkins, der als US-Soldat auf der Wasserkuppe stationiert war. Sein besonderes Anliegen ist es, an die Geschichte zu erinnern. Die Menschen sollten nicht vergessen, welchen Stellenwert auch die Wasserkuppe f\u00fcr ein vereintes Deutschland habe. <\/p>\n","protected":false},"excerpt":{"rendered":"<div class=\"tmnf_excerpt\"><p>Zum Ehrenmitglied der \u201e616th Aircraft Control and Warning Squadron der United States Air Force Europe\u201c, deren Luftwaffeneinheit von 1960 bis 1978 auf der Wasserkuppe stationiert war, wurde Landrat Woide ernannt. Der deutsch-amerikanische Verbindungsoffizier James J. Harkins und Oberst Raymond B. Kleber \u00fcberreichten in einer Feierstunde die Ernennungsurkunde. Im Gegenzug erhielten Oberst Kleber und US-Verbindungsoffizier Harkins &hellip;<\/p>\n<\/div>","protected":false},"author":1,"featured_media":166315,"comment_status":"closed","ping_status":"closed","sticky":false,"template":"","format":"standard","meta":{"footnotes":""},"categories":[1],"tags":[],"class_list":["post-166307","post","type-post","status-publish","format-standard","has-post-thumbnail","hentry","category-startseite"],"_links":{"self":[{"href":"https:\/\/www.fuldaernachrichten.de\/index.php?rest_route=\/wp\/v2\/posts\/166307","targetHints":{"allow":["GET"]}}],"collection":[{"href":"https:\/\/www.fuldaernachrichten.de\/index.php?rest_route=\/wp\/v2\/posts"}],"about":[{"href":"https:\/\/www.fuldaernachrichten.de\/index.php?rest_route=\/wp\/v2\/types\/post"}],"author":[{"embeddable":true,"href":"https:\/\/www.fuldaernachrichten.de\/index.php?rest_route=\/wp\/v2\/users\/1"}],"replies":[{"embeddable":true,"href":"https:\/\/www.fuldaernachrichten.de\/index.php?rest_route=%2Fwp%2Fv2%2Fcomments&post=166307"}],"version-history":[{"count":1,"href":"https:\/\/www.fuldaernachrichten.de\/index.php?rest_route=\/wp\/v2\/posts\/166307\/revisions"}],"predecessor-version":[{"id":166316,"href":"https:\/\/www.fuldaernachrichten.de\/index.php?rest_route=\/wp\/v2\/posts\/166307\/revisions\/166316"}],"wp:featuredmedia":[{"embeddable":true,"href":"https:\/\/www.fuldaernachrichten.de\/index.php?rest_route=\/wp\/v2\/media\/166315"}],"wp:attachment":[{"href":"https:\/\/www.fuldaernachrichten.de\/index.php?rest_route=%2Fwp%2Fv2%2Fmedia&parent=166307"}],"wp:term":[{"taxonomy":"category","embeddable":true,"href":"https:\/\/www.fuldaernachrichten.de\/index.php?rest_route=%2Fwp%2Fv2%2Fcategories&post=166307"},{"taxonomy":"post_tag","embeddable":true,"href":"https:\/\/www.fuldaernachrichten.de\/index.php?rest_route=%2Fwp%2Fv2%2Ftags&post=166307"}],"curies":[{"name":"wp","href":"https:\/\/api.w.org\/{rel}","templated":true}]}}