{"id":166296,"date":"2017-08-14T06:28:28","date_gmt":"2017-08-14T04:28:28","guid":{"rendered":"http:\/\/www.fuldaer-nachrichten.de\/?p=166296"},"modified":"2017-08-14T06:28:28","modified_gmt":"2017-08-14T04:28:28","slug":"autokonzerne-nicht-aus-der-verantwortung-lassen-birgit-koempel-spd-zur-diesel-diskussion","status":"publish","type":"post","link":"https:\/\/www.fuldaernachrichten.de\/?p=166296","title":{"rendered":"\u201eAutokonzerne nicht aus der Verantwortung lassen\u201c  Birgit K\u00f6mpel (SPD) zur Diesel-Diskussion"},"content":{"rendered":"<p>Zur aktuellen Diskussion um Abgas-Nachbesserungen bei \u00e4lteren Diesel-Fahrzeugen nimmt die SPD-Bundestagsabgeordnete Birgit K\u00f6mpel (Wahlkreis Fulda\/Vogelsberg) Stellung:<br \/>\n\u201eWir d\u00fcrfen die Autokonzerne nicht aus der Verantwortung entlassen. Wir brauchen unbedingt eine technische Umr\u00fcstung dieser Autos, die g\u00fcnstiger als der Neukauf ist&#8221;, erkl\u00e4rt Birgit K\u00f6mpel, die Mitglied im Ausschuss f\u00fcr Verkehr und digitale Infrastruktur ist. Viele Besitzer \u00e4lterer Autos der Schadstoffklassen Euro 3, Euro 4 und auch Euro 5 k\u00f6nnten sich keinen Neuwagen leisten. \u201eBei drohenden Fahrverboten in unseren St\u00e4dten h\u00e4tten nicht nur die Pendler\/innen das Nachsehen. In vielen Teilen der Rh\u00f6n, dem n\u00f6rdlichen Teil des Landkreises Fulda sowie dem Vogelsbergkreis sind die Anbindungen mit dem \u00f6ffentlichen Nahverkehr einfach nicht optimal. Und f\u00fcr Menschen, die im Schichtdienst arbeiten sowieso ungeeignet\u201c, sagt K\u00f6mpel.<\/p>\n<p>Wichtige Fragen seien nach wie vor offen. K\u00f6mpel: \u201eDie Technik f\u00fcr die Hardware-L\u00f6sung ist bereits patentiert. Und genau diese L\u00f6sung muss jetzt dringend im Sinne des Umweltschutzes und der Menschen diskutiert und angegangen werden. Die von den deutschen Marken zugesagten Pr\u00e4mien f\u00fcr den Kauf neuer, sauberer Fahrzeuge k\u00f6nnen nur eine m\u00f6gliche L\u00f6sung sein.\u201c Sie selbst fahre einen VW Diesel mit Euro 5 und habe nicht vor, sich in der n\u00e4chsten Zeit ein neues Auto zu kaufen. K\u00f6mpel abschlie\u00dfend: \u201eDer Druck auf die Autobauer muss aufrechterhalten werden, denn mit Software-Updates ist es einfach nicht getan. Die Autobauer m\u00fcssen endlich erkl\u00e4ren, wie sie die Abgaswerte erheblich senken durch Handware-L\u00f6sungen \u2013 und zwar auf ihre Kosten!<\/p>\n","protected":false},"excerpt":{"rendered":"<div class=\"tmnf_excerpt\"><p>Zur aktuellen Diskussion um Abgas-Nachbesserungen bei \u00e4lteren Diesel-Fahrzeugen nimmt die SPD-Bundestagsabgeordnete Birgit K\u00f6mpel (Wahlkreis Fulda\/Vogelsberg) Stellung: \u201eWir d\u00fcrfen die Autokonzerne nicht aus der Verantwortung entlassen. Wir brauchen unbedingt eine technische Umr\u00fcstung dieser Autos, die g\u00fcnstiger als der Neukauf ist&#8221;, erkl\u00e4rt Birgit K\u00f6mpel, die Mitglied im Ausschuss f\u00fcr Verkehr und digitale Infrastruktur ist. Viele Besitzer \u00e4lterer &hellip;<\/p>\n<\/div>","protected":false},"author":1,"featured_media":0,"comment_status":"closed","ping_status":"closed","sticky":false,"template":"","format":"standard","meta":{"footnotes":""},"categories":[1],"tags":[],"class_list":["post-166296","post","type-post","status-publish","format-standard","hentry","category-startseite"],"_links":{"self":[{"href":"https:\/\/www.fuldaernachrichten.de\/index.php?rest_route=\/wp\/v2\/posts\/166296","targetHints":{"allow":["GET"]}}],"collection":[{"href":"https:\/\/www.fuldaernachrichten.de\/index.php?rest_route=\/wp\/v2\/posts"}],"about":[{"href":"https:\/\/www.fuldaernachrichten.de\/index.php?rest_route=\/wp\/v2\/types\/post"}],"author":[{"embeddable":true,"href":"https:\/\/www.fuldaernachrichten.de\/index.php?rest_route=\/wp\/v2\/users\/1"}],"replies":[{"embeddable":true,"href":"https:\/\/www.fuldaernachrichten.de\/index.php?rest_route=%2Fwp%2Fv2%2Fcomments&post=166296"}],"version-history":[{"count":1,"href":"https:\/\/www.fuldaernachrichten.de\/index.php?rest_route=\/wp\/v2\/posts\/166296\/revisions"}],"predecessor-version":[{"id":166299,"href":"https:\/\/www.fuldaernachrichten.de\/index.php?rest_route=\/wp\/v2\/posts\/166296\/revisions\/166299"}],"wp:attachment":[{"href":"https:\/\/www.fuldaernachrichten.de\/index.php?rest_route=%2Fwp%2Fv2%2Fmedia&parent=166296"}],"wp:term":[{"taxonomy":"category","embeddable":true,"href":"https:\/\/www.fuldaernachrichten.de\/index.php?rest_route=%2Fwp%2Fv2%2Fcategories&post=166296"},{"taxonomy":"post_tag","embeddable":true,"href":"https:\/\/www.fuldaernachrichten.de\/index.php?rest_route=%2Fwp%2Fv2%2Ftags&post=166296"}],"curies":[{"name":"wp","href":"https:\/\/api.w.org\/{rel}","templated":true}]}}