{"id":166281,"date":"2017-08-14T06:23:25","date_gmt":"2017-08-14T04:23:25","guid":{"rendered":"http:\/\/www.fuldaer-nachrichten.de\/?p=166281"},"modified":"2017-08-14T06:23:25","modified_gmt":"2017-08-14T04:23:25","slug":"sanierung-gud-stubb-in-lauterbach-auf-hochtouren-mdb-michael-brand-besucht-grossbaustelle-adolf-spiess-halle","status":"publish","type":"post","link":"https:\/\/www.fuldaernachrichten.de\/?p=166281","title":{"rendered":"Sanierung \u201eGud Stubb\u201c in Lauterbach auf Hochtouren &#8211; MdB Michael Brand besucht Gro\u00dfbaustelle Adolf-Spie\u00df-Halle"},"content":{"rendered":"<p>Die Fassade der Adolf-Spie\u00df-Halle in Lauterbach erstrahlt bereits in neuem Glanz, w\u00e4hrend auf der Baustelle drinnen flei\u00dfig gearbeitet wird. Der heimische Bundestagsabgeordnete Michael Brand hat sich vor Ort \u00fcber den Fortgang der Sanierungsarbeiten informiert, zumal er sich beim Bund f\u00fcr F\u00f6rdermittel stark gemacht hat.<\/p>\n<p>\u201eNat\u00fcrlich m\u00f6chte ich auch sehen, wie das Geld eingesetzt wird. Klasse wie es hier voran geht. Und prima, dass ein Gro\u00dfteil der Auftr\u00e4ge in der Region geblieben ist \u2013 das hilft Mittelstand und Handwerk vor Ort\u201c, zeigte sich Michael Brand begeistert. \u201eBald wird die \u00c2\u00b4Gud Stubb\u00c2\u00b4 uns allen wieder zur Verf\u00fcgung stehen und zwar besser als zuvor.\u201c Bis Jahresende 2017 sollen die Arbeiten abgeschlossen sein, im Fr\u00fchjahr 2018 soll die Wiederer\u00f6ffnung gefeiert werden. Das Jugendstil-Schmuckst\u00fcck, das 1908 fertiggestellt wurde und f\u00fcr Veranstaltungen aller Art genutzt wird, steht unter Denkmalschutz und musste dringend saniert werden.<\/p>\n<p>\u201eOhne die Bundesf\u00f6rderung w\u00e4re diese Sanierung so nicht m\u00f6glich gewesen. Die 2 Mio. EURO Unterst\u00fctzung aus Berlin sind wie ein Sechser im Lotto f\u00fcr Lauterbach und Region\u201c, so Michael Brand und hob hervor, dass Lauterbach als eines von 59 Vorhaben unter rund 1.000 Antr\u00e4gen von St\u00e4dten und Gemeinden ausgew\u00e4hlt wurde.<\/p>\n<p>\u201eDas hat auch mit der pr\u00e4zisen und professionellen Vorarbeit von B\u00fcrgermeister Vollm\u00f6ller, der Stadt und ihrer Gremien zu tun\u201c, so Brand. \u201eDie Antragstellung war vorbildlich und das Zusammenspiel hat gut geklappt.\u201c Das Bundes-F\u00f6rderprogramm \u201eSanierung kommunaler Einrichtungen in den Bereichen Sport, Jugend und Kultur\u201c in H\u00f6he von insgesamt 140 Millionen Euro ist auf gro\u00dfes Interesse der Kommunen gesto\u00dfen, so dass es 15-fach \u00fcberzeichnet war.<\/p>\n<p>B\u00fcrgermeister Rainer-Hans Vollm\u00f6ller, Erster Stadtrat Lothar Pietsch sowie die beiden st\u00e4dtischen Mitarbeiter Heike Habermehl, J\u00f6rg Saller und Erwin Fau\u00df erl\u00e4uterten u.a. anhand von Pl\u00e4nen die bereits erledigten und die noch ausstehenden Arbeiten. \u201eEs ist ein Mammutprojekt, das uns alle motiviert, damit unser ehrw\u00fcrdiges Geb\u00e4ude in neuem Glanz und mit modernster Technik erstrahlen kann.\u201c<\/p>\n<p>Unter anderem werden WLAN, behindertengerechte WCs, moderne Licht- und Tontechnik eingebaut. Im gro\u00dfen Saal, wo heute noch das karnevalistische B\u00fchnenbild mit der Aufschrift \u201eSeeschlacht auf der Lauter\u201c zu sehen ist, werden k\u00fcnftig rund 360 Personen Platz haben, bei Tischbestuhlung 250. Die W\u00e4nde erhalten in Abstimmung mit der Denkmalpflege eine neue Farbe, der Saal erh\u00e4lt ein Eichenparkett, die Empore mit bis zu 120 Pl\u00e4tzen bleibt erhalten.<br \/>\nBeim Rundgang durch die Halle entdeckte Brand im oberen Stockwerk einen fensterlosen, runden Raum. \u201eDer hat Atmosph\u00e4re. Das w\u00e4re der richtige Ort, den Heiligen Simplicus, der ja prominent im Wappen der Stadt Lauterbach zu sehen ist, geb\u00fchrend zu w\u00fcrdigen\u201c, sagte Brand und f\u00fcgt schmunzelnd hinzu. \u201eF\u00fcr die Er\u00f6ffnung werde ich mir etwas einfallen lassen.\u201c<\/p>\n<p>B\u00fcrgermeister Rainer-Hans Vollm\u00f6ller dankte abschlie\u00dfend dem Wahlkreisabgeordneten Michael Brand f\u00fcr seine \u201etatkr\u00e4ftige Unterst\u00fctzung bei diesem f\u00fcr Lauterbach und die Region wichtigen Projekt.\u201c Er ist sich sicher, dass im Fr\u00fchjahr 2018 die Halle fertig sein wird. Wichtig sei n\u00e4mlich nicht, dass die Arbeiten vor allem schnell, sondern dass sie gr\u00fcndlich ausgef\u00fchrt werden.<\/p>\n<p>Bildunterschrift: Fr\u00f6hliche Gesichter bei der Baustellen-Besichtigung (von links): Lauterbachs B\u00fcrgermeister Rainer-Hans Vollm\u00f6ller, Bundestagsabgeordneter Michael Brand, J\u00f6rg Saller vom Bauamt, MdL Kurt Wiegel und Erster Stadtrat Lothar Pietsch.<\/p>\n","protected":false},"excerpt":{"rendered":"<div class=\"tmnf_excerpt\"><p>Die Fassade der Adolf-Spie\u00df-Halle in Lauterbach erstrahlt bereits in neuem Glanz, w\u00e4hrend auf der Baustelle drinnen flei\u00dfig gearbeitet wird. Der heimische Bundestagsabgeordnete Michael Brand hat sich vor Ort \u00fcber den Fortgang der Sanierungsarbeiten informiert, zumal er sich beim Bund f\u00fcr F\u00f6rdermittel stark gemacht hat. \u201eNat\u00fcrlich m\u00f6chte ich auch sehen, wie das Geld eingesetzt wird. Klasse &hellip;<\/p>\n<\/div>","protected":false},"author":1,"featured_media":166284,"comment_status":"closed","ping_status":"closed","sticky":false,"template":"","format":"standard","meta":{"footnotes":""},"categories":[1],"tags":[],"class_list":["post-166281","post","type-post","status-publish","format-standard","has-post-thumbnail","hentry","category-startseite"],"_links":{"self":[{"href":"https:\/\/www.fuldaernachrichten.de\/index.php?rest_route=\/wp\/v2\/posts\/166281","targetHints":{"allow":["GET"]}}],"collection":[{"href":"https:\/\/www.fuldaernachrichten.de\/index.php?rest_route=\/wp\/v2\/posts"}],"about":[{"href":"https:\/\/www.fuldaernachrichten.de\/index.php?rest_route=\/wp\/v2\/types\/post"}],"author":[{"embeddable":true,"href":"https:\/\/www.fuldaernachrichten.de\/index.php?rest_route=\/wp\/v2\/users\/1"}],"replies":[{"embeddable":true,"href":"https:\/\/www.fuldaernachrichten.de\/index.php?rest_route=%2Fwp%2Fv2%2Fcomments&post=166281"}],"version-history":[{"count":1,"href":"https:\/\/www.fuldaernachrichten.de\/index.php?rest_route=\/wp\/v2\/posts\/166281\/revisions"}],"predecessor-version":[{"id":166285,"href":"https:\/\/www.fuldaernachrichten.de\/index.php?rest_route=\/wp\/v2\/posts\/166281\/revisions\/166285"}],"wp:featuredmedia":[{"embeddable":true,"href":"https:\/\/www.fuldaernachrichten.de\/index.php?rest_route=\/wp\/v2\/media\/166284"}],"wp:attachment":[{"href":"https:\/\/www.fuldaernachrichten.de\/index.php?rest_route=%2Fwp%2Fv2%2Fmedia&parent=166281"}],"wp:term":[{"taxonomy":"category","embeddable":true,"href":"https:\/\/www.fuldaernachrichten.de\/index.php?rest_route=%2Fwp%2Fv2%2Fcategories&post=166281"},{"taxonomy":"post_tag","embeddable":true,"href":"https:\/\/www.fuldaernachrichten.de\/index.php?rest_route=%2Fwp%2Fv2%2Ftags&post=166281"}],"curies":[{"name":"wp","href":"https:\/\/api.w.org\/{rel}","templated":true}]}}