{"id":166280,"date":"2017-08-14T06:24:01","date_gmt":"2017-08-14T04:24:01","guid":{"rendered":"http:\/\/www.fuldaer-nachrichten.de\/?p=166280"},"modified":"2017-08-14T06:24:01","modified_gmt":"2017-08-14T04:24:01","slug":"malteser-begegnungs-und-spiele-treff-7","status":"publish","type":"post","link":"https:\/\/www.fuldaernachrichten.de\/?p=166280","title":{"rendered":"Malteser Begegnungs- und Spiele-Treff"},"content":{"rendered":"<p>Ein gutes Mittel gegen die Einsamkeit ist die Begegnung mit anderen Menschen. Dazu laden die Malteser in Fulda Senioren und Alleinstehende an jedem vierten Dienstag im Monat in die R\u00e4ume der Seniorenbegegnungsst\u00e4tte der Caritas, Kanalstra\u00dfe 1, ins Zentrum von Fulda, ein. Von 14:00 Uhr bis ca. 16:30 Uhr k\u00f6nnen die G\u00e4ste hier plaudern, spielen, basteln, handarbeiten, wozu sie gerade Lust haben. Der n\u00e4chste Begegnungs- und Spielenachmittag ist am Dienstag,  22. August 2017.  Voranmeldung erbeten bei Rita Becker, Telefon 0661 20399626. Auf Anfrage steht auch ein Bring- und Holservice zur Verf\u00fcgung. Vorabinformationen gibt es beim Malteser Hilfsdienst in Fulda von Doris Reinhardt. Tel.: 0661-86977-0, Wilhelmstra\u00dfe 4 , 36037 Fulda , E-Mail: Doris.Reinhardt@Malteser.org<\/p>\n","protected":false},"excerpt":{"rendered":"<div class=\"tmnf_excerpt\"><p>Ein gutes Mittel gegen die Einsamkeit ist die Begegnung mit anderen Menschen. Dazu laden die Malteser in Fulda Senioren und Alleinstehende an jedem vierten Dienstag im Monat in die R\u00e4ume der Seniorenbegegnungsst\u00e4tte der Caritas, Kanalstra\u00dfe 1, ins Zentrum von Fulda, ein. Von 14:00 Uhr bis ca. 16:30 Uhr k\u00f6nnen die G\u00e4ste hier plaudern, spielen, basteln, &hellip;<\/p>\n<\/div>","protected":false},"author":1,"featured_media":166289,"comment_status":"closed","ping_status":"closed","sticky":false,"template":"","format":"standard","meta":{"footnotes":""},"categories":[1],"tags":[],"class_list":["post-166280","post","type-post","status-publish","format-standard","has-post-thumbnail","hentry","category-startseite"],"_links":{"self":[{"href":"https:\/\/www.fuldaernachrichten.de\/index.php?rest_route=\/wp\/v2\/posts\/166280","targetHints":{"allow":["GET"]}}],"collection":[{"href":"https:\/\/www.fuldaernachrichten.de\/index.php?rest_route=\/wp\/v2\/posts"}],"about":[{"href":"https:\/\/www.fuldaernachrichten.de\/index.php?rest_route=\/wp\/v2\/types\/post"}],"author":[{"embeddable":true,"href":"https:\/\/www.fuldaernachrichten.de\/index.php?rest_route=\/wp\/v2\/users\/1"}],"replies":[{"embeddable":true,"href":"https:\/\/www.fuldaernachrichten.de\/index.php?rest_route=%2Fwp%2Fv2%2Fcomments&post=166280"}],"version-history":[{"count":1,"href":"https:\/\/www.fuldaernachrichten.de\/index.php?rest_route=\/wp\/v2\/posts\/166280\/revisions"}],"predecessor-version":[{"id":166290,"href":"https:\/\/www.fuldaernachrichten.de\/index.php?rest_route=\/wp\/v2\/posts\/166280\/revisions\/166290"}],"wp:featuredmedia":[{"embeddable":true,"href":"https:\/\/www.fuldaernachrichten.de\/index.php?rest_route=\/wp\/v2\/media\/166289"}],"wp:attachment":[{"href":"https:\/\/www.fuldaernachrichten.de\/index.php?rest_route=%2Fwp%2Fv2%2Fmedia&parent=166280"}],"wp:term":[{"taxonomy":"category","embeddable":true,"href":"https:\/\/www.fuldaernachrichten.de\/index.php?rest_route=%2Fwp%2Fv2%2Fcategories&post=166280"},{"taxonomy":"post_tag","embeddable":true,"href":"https:\/\/www.fuldaernachrichten.de\/index.php?rest_route=%2Fwp%2Fv2%2Ftags&post=166280"}],"curies":[{"name":"wp","href":"https:\/\/api.w.org\/{rel}","templated":true}]}}