{"id":166278,"date":"2017-08-14T06:23:29","date_gmt":"2017-08-14T04:23:29","guid":{"rendered":"http:\/\/www.fuldaer-nachrichten.de\/?p=166278"},"modified":"2017-08-14T06:23:29","modified_gmt":"2017-08-14T04:23:29","slug":"kulturbruecke-istanbul-deutschland-neue-und-traditionelle-musik-aus-der-tuerkei-und-europa","status":"publish","type":"post","link":"https:\/\/www.fuldaernachrichten.de\/?p=166278","title":{"rendered":"Kulturbr\u00fccke Istanbul \u2013 Deutschland &#8211; Neue und traditionelle Musik aus der T\u00fcrkei und Europa"},"content":{"rendered":"<p><a href=\"http:\/\/www.fuldaer-nachrichten.de\/wp-content\/uploads\/2017\/08\/Hezarfen-Ensemble-Photo_2-by-Tony-Judge.jpg\"><img decoding=\"async\" src=\"http:\/\/www.fuldaer-nachrichten.de\/wp-content\/uploads\/2017\/08\/Hezarfen-Ensemble-Photo_2-by-Tony-Judge-265x177.jpg\" alt=\"\" width=\"265\" height=\"177\" class=\"alignleft size-thumbnail wp-image-166283\" srcset=\"https:\/\/www.fuldaernachrichten.de\/wp-content\/uploads\/2017\/08\/Hezarfen-Ensemble-Photo_2-by-Tony-Judge-265x177.jpg 265w, https:\/\/www.fuldaernachrichten.de\/wp-content\/uploads\/2017\/08\/Hezarfen-Ensemble-Photo_2-by-Tony-Judge-768x512.jpg 768w, https:\/\/www.fuldaernachrichten.de\/wp-content\/uploads\/2017\/08\/Hezarfen-Ensemble-Photo_2-by-Tony-Judge-600x400.jpg 600w, https:\/\/www.fuldaernachrichten.de\/wp-content\/uploads\/2017\/08\/Hezarfen-Ensemble-Photo_2-by-Tony-Judge.jpg 900w\" sizes=\"(max-width: 265px) 100vw, 265px\" \/><\/a>Konzert mit dem Hezarfen Ensemble, Istanbul sowie: Esra Berkman (Istanbul), Kanun; Nermin Kaygusuz (Istanbul), Kemen\u00c3\u00a7e; Yoshie Kaneyasu (Osaka \/ W\u00fcrzburg), Sopran;Andreas Meier (W\u00fcrzburg), Dirigent; J\u00fcrgen Ruck (W\u00fcrzburg), Tolgahan \u00c3\u2021o\u00c4\u0178ulu (Istanbul), Frederik Munk Larsen (Aarhus) und Petri Kumela (Helsinki), Gitarren und: Teilnehmer der International Summer School GuitarPlus W\u00fcrzburg.<\/p>\n<p>Eine spannende und erlebnisreiche Begegnung der Kulturen aus Ost und West bietet das au\u00dfergew\u00f6hnliche Konzertprojekt mit dem international renommierten Kammermusikensemble Hezarfen aus Istanbul, T\u00fcrkei sowie den internationalen Spitzengitarristen Petri Kumela, Helsinki, Frederik Munk Larsen, Aarhus, Tolgahan \u00c3\u2021o\u00c4\u0178ulu, Istanbul und J\u00fcrgen Ruck, W\u00fcrzburg am Donnerstag, den 17. August 2017 um 20 Uhr in der Kapelle des Vonderau Museums.  Das Programm des Abends spannt dabei eine facettenreiche Br\u00fccke zwischen Orient und Okzident. Traditioneller t\u00fcrkischer und vorder-orientalischer Makam Musik werden Urauff\u00fchrungen der jungen t\u00fcrkischen Komponisten Onur T\u00fcrkmen, Arma\u00c4\u0178an Durda\u00c4\u0178 und Onur D\u00fclger gegen\u00fcber-gestellt, die in ihrer individuellen zeitgen\u00f6ssischen Tonsprache sehr kunstvoll und avanciert mit Elementen der arabischen Tonarten (Makam) arbeiten und diese in einen v\u00f6llig neuen zeitgen\u00f6ssischen Kontext stellen. <\/p>\n<p>Dabei stellen die Mikrot\u00f6ne (nicht temperierte T\u00f6ne), die die jeweiligen Makamat enthalten, den Ausgangspunkt f\u00fcr eine faszinierend vielf\u00e4ltige mikrotonale Klangwelt dar. <\/p>\n<p>Dem werden zwei Urauff\u00fchrungen von Michael Quell gegen\u00fcbergestellt, die ebenfalls in einem mikrotonalen Klangsystem gearbeitet sind: \u201ene\u00c5\u00a1\u00c4\u0081m\u00c4\u0081 \u2013 n\u00e4p\u00e4\u00c5\u00a1 \u2013 rua\u00e1\u00b8\u00a5\u201c f\u00fcr Sopran und Ensemble und \u201eDer Klang der Schwinge des Gabriel \u2013 hikmat al \u2013 ishraq\u201c f\u00fcr vier mikrotonale Gitarren und Klavier.<\/p>\n<p>In diesem Konzert kommen neben der kompletten Kammerensemble-Beset-zung des Hezarfen-Ensembles auch noch die traditionellen t\u00fcrkischen Instru-mente Kanun und Kemen\u00c3\u00a7e, eine gestrichene Kastenhalslaute zum Einsatz wie auch speziell f\u00fcr mikrotonale Musik angefertigte Gitarren, bei denen jeder einzelne Bund f\u00fcr jede Saite individuell verschoben werden kann.<\/p>\n<p>Dem Publikum wird so ein Eintauchen in die faszinierenden und vielf\u00e4ltigen Klangwelten mikrotonaler Musik der Tradition und der Gegenwart aus Orient und Okzident erm\u00f6glicht.<\/p>\n<p>Eintrittskarten (9,- \u00e2\u201a\u00ac, erm\u00e4\u00dfigt 7,- \u00e2\u201a\u00ac) sind im Vorverkauf an der Gesch\u00e4ftsstelle der Fuldaer Zeitung und an der Abendkasse erh\u00e4ltlich.<\/p>\n","protected":false},"excerpt":{"rendered":"<div class=\"tmnf_excerpt\"><p>Konzert mit dem Hezarfen Ensemble, Istanbul sowie: Esra Berkman (Istanbul), Kanun; Nermin Kaygusuz (Istanbul), Kemen\u00c3\u00a7e; Yoshie Kaneyasu (Osaka \/ W\u00fcrzburg), Sopran;Andreas Meier (W\u00fcrzburg), Dirigent; J\u00fcrgen Ruck (W\u00fcrzburg), Tolgahan \u00c3\u2021o\u00c4\u0178ulu (Istanbul), Frederik Munk Larsen (Aarhus) und Petri Kumela (Helsinki), Gitarren und: Teilnehmer der International Summer School GuitarPlus W\u00fcrzburg. Eine spannende und erlebnisreiche Begegnung der Kulturen aus &hellip;<\/p>\n<\/div>","protected":false},"author":1,"featured_media":166282,"comment_status":"closed","ping_status":"closed","sticky":false,"template":"","format":"standard","meta":{"footnotes":""},"categories":[1],"tags":[],"class_list":["post-166278","post","type-post","status-publish","format-standard","has-post-thumbnail","hentry","category-startseite"],"_links":{"self":[{"href":"https:\/\/www.fuldaernachrichten.de\/index.php?rest_route=\/wp\/v2\/posts\/166278","targetHints":{"allow":["GET"]}}],"collection":[{"href":"https:\/\/www.fuldaernachrichten.de\/index.php?rest_route=\/wp\/v2\/posts"}],"about":[{"href":"https:\/\/www.fuldaernachrichten.de\/index.php?rest_route=\/wp\/v2\/types\/post"}],"author":[{"embeddable":true,"href":"https:\/\/www.fuldaernachrichten.de\/index.php?rest_route=\/wp\/v2\/users\/1"}],"replies":[{"embeddable":true,"href":"https:\/\/www.fuldaernachrichten.de\/index.php?rest_route=%2Fwp%2Fv2%2Fcomments&post=166278"}],"version-history":[{"count":1,"href":"https:\/\/www.fuldaernachrichten.de\/index.php?rest_route=\/wp\/v2\/posts\/166278\/revisions"}],"predecessor-version":[{"id":166286,"href":"https:\/\/www.fuldaernachrichten.de\/index.php?rest_route=\/wp\/v2\/posts\/166278\/revisions\/166286"}],"wp:featuredmedia":[{"embeddable":true,"href":"https:\/\/www.fuldaernachrichten.de\/index.php?rest_route=\/wp\/v2\/media\/166282"}],"wp:attachment":[{"href":"https:\/\/www.fuldaernachrichten.de\/index.php?rest_route=%2Fwp%2Fv2%2Fmedia&parent=166278"}],"wp:term":[{"taxonomy":"category","embeddable":true,"href":"https:\/\/www.fuldaernachrichten.de\/index.php?rest_route=%2Fwp%2Fv2%2Fcategories&post=166278"},{"taxonomy":"post_tag","embeddable":true,"href":"https:\/\/www.fuldaernachrichten.de\/index.php?rest_route=%2Fwp%2Fv2%2Ftags&post=166278"}],"curies":[{"name":"wp","href":"https:\/\/api.w.org\/{rel}","templated":true}]}}