{"id":166275,"date":"2017-08-14T06:21:22","date_gmt":"2017-08-14T04:21:22","guid":{"rendered":"http:\/\/www.fuldaer-nachrichten.de\/?p=166275"},"modified":"2017-08-14T06:21:22","modified_gmt":"2017-08-14T04:21:22","slug":"mit-diesel-mittelstand-braucht-handlungssicherheit","status":"publish","type":"post","link":"https:\/\/www.fuldaernachrichten.de\/?p=166275","title":{"rendered":"MIT: Diesel &#8211; Mittelstand braucht Handlungssicherheit"},"content":{"rendered":"<p>Als &#8220;zu tiefst verunsichernd&#8221; haben der MIT Landesvorsitzende von Hessen Marco  Reuter und sein Stellvertreter Volker Rode, die aktuellen Diskussion um den Dieselantrieb von Kraftfahrzeugen bezeichnet. &#8220;Dieselgetriebene Fahrzeuge sind das R\u00fcckgrat der meisten Betriebe, gleich ob Handwerk, Bau, Transport, Logistik oder Landwirtschaft. Bis 2016 konnten z.B. Handwerker in der Nutzfahrzeugklasse fast nur Euro 5-Fahrzeuge erwerben, gibt der ZDH zu Recht zu bedenken. F\u00fcr viele Betriebe ist ein Ersatz durch E-Motoren in ausreichender St\u00e4rke lange noch nicht in Sicht. Deshalb braucht der Mittelstand jetzt Handlungssicherheit&#8221;, erkl\u00e4rten beide.<\/p>\n<p>1. Muss die Industrie so schnell wie m\u00f6glich wirklich saubere Diesel-Nutzfahrzeuge oder effektive Nachr\u00fcstl\u00f6sungen anbieten.<\/p>\n<p>2. Solange eine planungssichere Modernisierung des Fuhrparks nicht m\u00f6glich ist, m\u00fcssen Ausnahmeregelungen f\u00fcr \u00e4ltere Nutzfahrzeuge geschaffen werden. Pauschale Dieselfahrverbote lehnen wir vehement ab, sie sind f\u00fcr unz\u00e4hlige Unternehmen existenzgef\u00e4hrdend!<\/p>\n<p>3. Sind die technischen Voraussetzungen f\u00fcr eine umweltfreundliche Modernisierung geschaffen, muss von der Politik sichergestellt sein, dass die Kosten daf\u00fcr in vollem Umfang &#8211; auf Heller und Cent &#8211; von den Verursachern getragen werden.&#8221;, betonten beide.<\/p>\n<p>&#8220;Klar ist: Manipulationen in der Automobilindustrie verurteilen wir, sie sind zu unterbinden. Wer im Wettbewerb betr\u00fcgt, muss auch f\u00fcr die entstandenen Sch\u00e4den grade stehen. Gleichzeitig gilt es, einem ideologischen Feldzug gegen die Dieseltechnik entgegenzustehen. Schadstoffarme Diesel werden auch in den n\u00e4chsten Jahren ihren Beitrag zur Co2-Reduktion leisten. Deutschland ist bereits heute weltweit spitze im Klimaschutz&#8221;, sagte Reuter.<\/p>\n<p>Als besonders \u00e4rgerlich bezeichnete Rode abschlie\u00dfend die Tatsache, dass Diesel-Transporter der St\u00e4dte und Gemeinden schon heute oft von der Plakettenpflicht ausgenommen seien, w\u00e4hrend ein Handwerker, der nahezu identische Dienstleistungen erbringt, nicht in den kostenfreien Genuss eine solcher Regelung komme. Als Beispiel nannte Rode, der auch Mitglied des MIT Bundesvorstandes ist, mittelst\u00e4ndische Unternehmen des Bauhaupt- und Nebengewerbes. Diese Betriebe m\u00fcssen zumeist schwere Lasten an den Auftragsort verbringen, ohne dass es eine echte Alternative zu Diesel-Lastkraftwagen gebe.<\/p>\n","protected":false},"excerpt":{"rendered":"<div class=\"tmnf_excerpt\"><p>Als &#8220;zu tiefst verunsichernd&#8221; haben der MIT Landesvorsitzende von Hessen Marco Reuter und sein Stellvertreter Volker Rode, die aktuellen Diskussion um den Dieselantrieb von Kraftfahrzeugen bezeichnet. &#8220;Dieselgetriebene Fahrzeuge sind das R\u00fcckgrat der meisten Betriebe, gleich ob Handwerk, Bau, Transport, Logistik oder Landwirtschaft. Bis 2016 konnten z.B. Handwerker in der Nutzfahrzeugklasse fast nur Euro 5-Fahrzeuge erwerben, &hellip;<\/p>\n<\/div>","protected":false},"author":1,"featured_media":0,"comment_status":"closed","ping_status":"closed","sticky":false,"template":"","format":"standard","meta":{"footnotes":""},"categories":[1],"tags":[],"class_list":["post-166275","post","type-post","status-publish","format-standard","hentry","category-startseite"],"_links":{"self":[{"href":"https:\/\/www.fuldaernachrichten.de\/index.php?rest_route=\/wp\/v2\/posts\/166275","targetHints":{"allow":["GET"]}}],"collection":[{"href":"https:\/\/www.fuldaernachrichten.de\/index.php?rest_route=\/wp\/v2\/posts"}],"about":[{"href":"https:\/\/www.fuldaernachrichten.de\/index.php?rest_route=\/wp\/v2\/types\/post"}],"author":[{"embeddable":true,"href":"https:\/\/www.fuldaernachrichten.de\/index.php?rest_route=\/wp\/v2\/users\/1"}],"replies":[{"embeddable":true,"href":"https:\/\/www.fuldaernachrichten.de\/index.php?rest_route=%2Fwp%2Fv2%2Fcomments&post=166275"}],"version-history":[{"count":1,"href":"https:\/\/www.fuldaernachrichten.de\/index.php?rest_route=\/wp\/v2\/posts\/166275\/revisions"}],"predecessor-version":[{"id":166279,"href":"https:\/\/www.fuldaernachrichten.de\/index.php?rest_route=\/wp\/v2\/posts\/166275\/revisions\/166279"}],"wp:attachment":[{"href":"https:\/\/www.fuldaernachrichten.de\/index.php?rest_route=%2Fwp%2Fv2%2Fmedia&parent=166275"}],"wp:term":[{"taxonomy":"category","embeddable":true,"href":"https:\/\/www.fuldaernachrichten.de\/index.php?rest_route=%2Fwp%2Fv2%2Fcategories&post=166275"},{"taxonomy":"post_tag","embeddable":true,"href":"https:\/\/www.fuldaernachrichten.de\/index.php?rest_route=%2Fwp%2Fv2%2Ftags&post=166275"}],"curies":[{"name":"wp","href":"https:\/\/api.w.org\/{rel}","templated":true}]}}