{"id":166271,"date":"2017-08-14T06:20:12","date_gmt":"2017-08-14T04:20:12","guid":{"rendered":"http:\/\/www.fuldaer-nachrichten.de\/?p=166271"},"modified":"2017-08-14T06:20:12","modified_gmt":"2017-08-14T04:20:12","slug":"walter-fach-kraft-eroeffnet-geschaeftsstelle-in-landshut","status":"publish","type":"post","link":"https:\/\/www.fuldaernachrichten.de\/?p=166271","title":{"rendered":"Walter-Fach-Kraft er\u00f6ffnet Gesch\u00e4ftsstelle in Landshut"},"content":{"rendered":"<p>Mit der Er\u00f6ffnung einer neuen Niederlassung im niederbayerischen Landshut steigert die Walter-Fach-Kraft-Gruppe mit Hauptsitz in Fulda ihre bundesweite Pr\u00e4senz. \u201eWir sehen am Logistikstandort Landshut gute Chancen f\u00fcr unser Kerngesch\u00e4ft, die Zeitarbeit. Grunds\u00e4tzlich suchen wir kaufm\u00e4nnische und gewerbliche Mitarbeiter. Ein Schwerpunkt wird dabei die Speditionsbranche sein\u201c, erkl\u00e4rt Gesch\u00e4ftsstellenleiter Alexander Kahl.<\/p>\n<p>Die Entscheidung f\u00fcr den Standort Landshut beruht auf den optimalen Investitionsvoraussetzungen, die dieser Wirtschaftsstandort bietet. Die Stadt als st\u00e4ndig wachsendes wirtschaftliches Zentrum Niederbayerns gew\u00e4hrt sowohl f\u00fcr die Industrie- als auch f\u00fcr die Dienstleistungsbranche ein attraktives Umfeld.<\/p>\n<p>Walter-Fach-Kraft lebt den Dienstleistungsgedanken in mehrfacher Hinsicht. Die Lage der Gesch\u00e4ftsstelle, nur 10 Minuten vom Bahnhof und von der Innenstadt entfernt, ist so gew\u00e4hlt, dass wir f\u00fcr unsere Bewerber und Mitarbeiter auch mit \u00f6ffentlichen Verkehrsmitteln gut erreichbar sind.<\/p>\n<p>Gleichzeitig ist die Gesch\u00e4ftsstelle kundenfreundlich personell ausgestattet. Mit dem Leiter der neuen Gesch\u00e4ftsstelle, Herrn Alexander Kahl und seinem Team ist es gelungen in der Zeitarbeit erfahrene Mitarbeiter einzustellen, die den Gesch\u00e4ftskunden zuverl\u00e4ssige, flexible und faire Partner vor Ort sein werden.<\/p>\n<p>Der operative Bereich der Arbeitnehmer\u00fcberlassung wird erg\u00e4nzt durch die Personalvermittlung. Alexander Kahl betont: \u201eBei allen Dienstleistungen steht der Kundenbedarf im Vordergrund. Die hohe Qualit\u00e4t unserer Dienstleistungen ist mithin Folge des Umgangs mit unseren Mitarbeitern. Als Arbeitgeber sorgt Walter-Fach-Kraft stets f\u00fcr zufriedene Mitarbeiter, denn zufriedene Mitarbeiter bedeuten in der Konsequenz auch zufriedene Kunden.\u201c <\/p>\n","protected":false},"excerpt":{"rendered":"<div class=\"tmnf_excerpt\"><p>Mit der Er\u00f6ffnung einer neuen Niederlassung im niederbayerischen Landshut steigert die Walter-Fach-Kraft-Gruppe mit Hauptsitz in Fulda ihre bundesweite Pr\u00e4senz. \u201eWir sehen am Logistikstandort Landshut gute Chancen f\u00fcr unser Kerngesch\u00e4ft, die Zeitarbeit. Grunds\u00e4tzlich suchen wir kaufm\u00e4nnische und gewerbliche Mitarbeiter. Ein Schwerpunkt wird dabei die Speditionsbranche sein\u201c, erkl\u00e4rt Gesch\u00e4ftsstellenleiter Alexander Kahl. Die Entscheidung f\u00fcr den Standort Landshut &hellip;<\/p>\n<\/div>","protected":false},"author":1,"featured_media":0,"comment_status":"closed","ping_status":"closed","sticky":false,"template":"","format":"standard","meta":{"footnotes":""},"categories":[1],"tags":[],"class_list":["post-166271","post","type-post","status-publish","format-standard","hentry","category-startseite"],"_links":{"self":[{"href":"https:\/\/www.fuldaernachrichten.de\/index.php?rest_route=\/wp\/v2\/posts\/166271","targetHints":{"allow":["GET"]}}],"collection":[{"href":"https:\/\/www.fuldaernachrichten.de\/index.php?rest_route=\/wp\/v2\/posts"}],"about":[{"href":"https:\/\/www.fuldaernachrichten.de\/index.php?rest_route=\/wp\/v2\/types\/post"}],"author":[{"embeddable":true,"href":"https:\/\/www.fuldaernachrichten.de\/index.php?rest_route=\/wp\/v2\/users\/1"}],"replies":[{"embeddable":true,"href":"https:\/\/www.fuldaernachrichten.de\/index.php?rest_route=%2Fwp%2Fv2%2Fcomments&post=166271"}],"version-history":[{"count":1,"href":"https:\/\/www.fuldaernachrichten.de\/index.php?rest_route=\/wp\/v2\/posts\/166271\/revisions"}],"predecessor-version":[{"id":166274,"href":"https:\/\/www.fuldaernachrichten.de\/index.php?rest_route=\/wp\/v2\/posts\/166271\/revisions\/166274"}],"wp:attachment":[{"href":"https:\/\/www.fuldaernachrichten.de\/index.php?rest_route=%2Fwp%2Fv2%2Fmedia&parent=166271"}],"wp:term":[{"taxonomy":"category","embeddable":true,"href":"https:\/\/www.fuldaernachrichten.de\/index.php?rest_route=%2Fwp%2Fv2%2Fcategories&post=166271"},{"taxonomy":"post_tag","embeddable":true,"href":"https:\/\/www.fuldaernachrichten.de\/index.php?rest_route=%2Fwp%2Fv2%2Ftags&post=166271"}],"curies":[{"name":"wp","href":"https:\/\/api.w.org\/{rel}","templated":true}]}}