{"id":166267,"date":"2017-08-14T06:18:50","date_gmt":"2017-08-14T04:18:50","guid":{"rendered":"http:\/\/www.fuldaer-nachrichten.de\/?p=166267"},"modified":"2017-08-14T06:18:50","modified_gmt":"2017-08-14T04:18:50","slug":"das-landesticket-fuer-hessen-unterwegs-ab-dem-1-januar-2018-fahren-145-000-landesbedienstete-kostenlos-im-oepnv","status":"publish","type":"post","link":"https:\/\/www.fuldaernachrichten.de\/?p=166267","title":{"rendered":"Das LandesTicket \u2013 F\u00fcr Hessen unterwegs  Ab dem 1. Januar 2018 fahren 145.000 Landesbedienstete kostenlos im \u00d6PNV"},"content":{"rendered":"<p>Ab dem 1. Januar 2018 gilt f\u00fcr die Besch\u00e4ftigten des Landes Hessen freie Fahrt im \u00f6ffentlichen Personennahverkehr (\u00d6PNV) \u2013 nicht nur f\u00fcr den Arbeitsweg. Rund 90.000 Beamtinnen und Beamte, mehr als 45.000 Tarifbesch\u00e4ftigte und etwa 10.000 Azubis und Auszubildende werden von dem neuen LandesTicket Hessen profitieren. Der Hessische Innenminister Peter Beuth hat die Fahrkarte f\u00fcr Landesbedienstete heute gemeinsam mit Vertretern des  Rhein-Main-Verkehrsverbunds (RMV), des Nordhessischen VerkehrsVerbunds (NVV) und des Verkehrsverbunds Rhein-Neckar (VRN) in der Landeshauptstadt vorgestellt.<\/p>\n<p>\u201eDas Ticket ist bundesweit einmalig und ein sichtbarer Beleg daf\u00fcr, dass das Land die richtigen Weichen f\u00fcr den Wettbewerb um die besten K\u00f6pfe gestellt hat. Hessen ist ein moderner, zuverl\u00e4ssiger und familienfreundlicher Arbeitgeber. Das LandesTicket macht den Job beim Land jetzt noch attraktiver und das im Einklang mit der Umwelt. Die Landesregierung hat diese Entscheidung bewusst zum Wohle der Frauen und M\u00e4nner getroffen, die tagt\u00e4glich f\u00fcr Hessen mit Leidenschaft und Engagement unterwegs sind\u201c, sagte der Hessische Innenminister Peter Beuth.<\/p>\n<p>Attraktives Gesamtpaket f\u00fcr die Besch\u00e4ftigten<\/p>\n<p>Peter Beuth bedankte sich bei den Verkehrsverb\u00fcnden und den Tarifpartnern, die sich in der Verhandlungsrunde im M\u00e4rz 2017 gr\u00fcnes Licht f\u00fcr die Regelung gaben, f\u00fcr die gute Zusammenarbeit. \u201eUnsere vertrauensvollen Verhandlungen waren die Voraussetzung daf\u00fcr, dass vom n\u00e4chsten Jahr an mehr als 145.000 Frauen und M\u00e4nner im Landesdienst kostenlos mobil sind. Wir haben mit unserem ma\u00dfgeschneiderten Tarifvertrag ein Gesamtpaket geschn\u00fcrt, das sich f\u00fcr unsere Besch\u00e4ftigten besonders auszahlt. Der Tarifabschluss und die entsprechende Besoldungserh\u00f6hung werden der hohen Leistungsbereitschaft unserer Mitarbeiterinnen und Mitarbeiter gerecht\u201c, so der Innenminister.<\/p>\n<p>\u00d6kologie und \u00d6konomie in Einklang bringen<\/p>\n<p>F\u00fcr den Landeshaushalt entstehen rund 51 Millionen Euro Zusatzkosten. \u201eDas ist zugleich eine Investition zugunsten der Umwelt, denn wir versprechen uns von dem LandesTicket auch weniger Emissionen. Das ist ein weiterer Beleg daf\u00fcr, dass \u00d6kologie und \u00d6konomie sinnvoll in Einklang gebracht werden k\u00f6nnen, ohne dabei die Schuldenbremse und die Verpflichtung zum verantwortungsbewussten Haushalten aus den Augen zu verlieren\u201c, erkl\u00e4rte Peter Beuth.<\/p>\n","protected":false},"excerpt":{"rendered":"<div class=\"tmnf_excerpt\"><p>Ab dem 1. Januar 2018 gilt f\u00fcr die Besch\u00e4ftigten des Landes Hessen freie Fahrt im \u00f6ffentlichen Personennahverkehr (\u00d6PNV) \u2013 nicht nur f\u00fcr den Arbeitsweg. Rund 90.000 Beamtinnen und Beamte, mehr als 45.000 Tarifbesch\u00e4ftigte und etwa 10.000 Azubis und Auszubildende werden von dem neuen LandesTicket Hessen profitieren. Der Hessische Innenminister Peter Beuth hat die Fahrkarte f\u00fcr &hellip;<\/p>\n<\/div>","protected":false},"author":1,"featured_media":0,"comment_status":"closed","ping_status":"closed","sticky":false,"template":"","format":"standard","meta":{"footnotes":""},"categories":[1],"tags":[],"class_list":["post-166267","post","type-post","status-publish","format-standard","hentry","category-startseite"],"_links":{"self":[{"href":"https:\/\/www.fuldaernachrichten.de\/index.php?rest_route=\/wp\/v2\/posts\/166267","targetHints":{"allow":["GET"]}}],"collection":[{"href":"https:\/\/www.fuldaernachrichten.de\/index.php?rest_route=\/wp\/v2\/posts"}],"about":[{"href":"https:\/\/www.fuldaernachrichten.de\/index.php?rest_route=\/wp\/v2\/types\/post"}],"author":[{"embeddable":true,"href":"https:\/\/www.fuldaernachrichten.de\/index.php?rest_route=\/wp\/v2\/users\/1"}],"replies":[{"embeddable":true,"href":"https:\/\/www.fuldaernachrichten.de\/index.php?rest_route=%2Fwp%2Fv2%2Fcomments&post=166267"}],"version-history":[{"count":1,"href":"https:\/\/www.fuldaernachrichten.de\/index.php?rest_route=\/wp\/v2\/posts\/166267\/revisions"}],"predecessor-version":[{"id":166270,"href":"https:\/\/www.fuldaernachrichten.de\/index.php?rest_route=\/wp\/v2\/posts\/166267\/revisions\/166270"}],"wp:attachment":[{"href":"https:\/\/www.fuldaernachrichten.de\/index.php?rest_route=%2Fwp%2Fv2%2Fmedia&parent=166267"}],"wp:term":[{"taxonomy":"category","embeddable":true,"href":"https:\/\/www.fuldaernachrichten.de\/index.php?rest_route=%2Fwp%2Fv2%2Fcategories&post=166267"},{"taxonomy":"post_tag","embeddable":true,"href":"https:\/\/www.fuldaernachrichten.de\/index.php?rest_route=%2Fwp%2Fv2%2Ftags&post=166267"}],"curies":[{"name":"wp","href":"https:\/\/api.w.org\/{rel}","templated":true}]}}