{"id":166266,"date":"2017-08-14T06:20:59","date_gmt":"2017-08-14T04:20:59","guid":{"rendered":"http:\/\/www.fuldaer-nachrichten.de\/?p=166266"},"modified":"2017-08-14T06:20:59","modified_gmt":"2017-08-14T04:20:59","slug":"spende-fuer-den-malteser-kinderhospizdienst","status":"publish","type":"post","link":"https:\/\/www.fuldaernachrichten.de\/?p=166266","title":{"rendered":"Spende f\u00fcr den Malteser Kinderhospizdienst"},"content":{"rendered":"<p>Die Besucher der Veitsteinbacher Malteser-Kaffeestube verlegten eines ihrer monatlichen Treffen auf die nahe gelegene  Burg Brandenstein. Dort wurden 25 Senioren und ihre Begleiter von der Burgherrin Ameli von Brandenstein-Zeppelin empfangen und lie\u00dfen sich im Ambiente des Gew\u00f6lbekellers Kaffee und Kuchen schmecken.  Nicht nur die Aussicht von der Burgterrasse ins Kinzigtal, sondern auch der Rundgang \u00fcber das Burggel\u00e4nde und der Besuch des Holzger\u00e4temuseums unter der F\u00fchrung von Constantin von  Brandenstein zauberte allen ein L\u00e4cheln auf das Gesicht. Den Besuch nutzte der Veitsteinbacher Ortsbeauftragte Bernard Benkner, um eine Spende von 200,- \u00e2\u201a\u00ac  an Ameli von Brandenstein f\u00fcr den Ambulanten Kinder- und Jugendhospizdienst Main-Kinzig-Fulda zu \u00fcbergeben. Als Dankesch\u00f6n f\u00fcr den sch\u00f6nen Ausflug auf die Burg f\u00fcllten die Besucher an diesem Nachmittag nochmals die Spendendose und erh\u00f6hten so den Betrag auf 305, \u00e2\u201a\u00ac.<\/p>\n","protected":false},"excerpt":{"rendered":"<div class=\"tmnf_excerpt\"><p>Die Besucher der Veitsteinbacher Malteser-Kaffeestube verlegten eines ihrer monatlichen Treffen auf die nahe gelegene Burg Brandenstein. Dort wurden 25 Senioren und ihre Begleiter von der Burgherrin Ameli von Brandenstein-Zeppelin empfangen und lie\u00dfen sich im Ambiente des Gew\u00f6lbekellers Kaffee und Kuchen schmecken. Nicht nur die Aussicht von der Burgterrasse ins Kinzigtal, sondern auch der Rundgang \u00fcber &hellip;<\/p>\n<\/div>","protected":false},"author":1,"featured_media":166276,"comment_status":"closed","ping_status":"closed","sticky":false,"template":"","format":"standard","meta":{"footnotes":""},"categories":[1],"tags":[],"class_list":["post-166266","post","type-post","status-publish","format-standard","has-post-thumbnail","hentry","category-startseite"],"_links":{"self":[{"href":"https:\/\/www.fuldaernachrichten.de\/index.php?rest_route=\/wp\/v2\/posts\/166266","targetHints":{"allow":["GET"]}}],"collection":[{"href":"https:\/\/www.fuldaernachrichten.de\/index.php?rest_route=\/wp\/v2\/posts"}],"about":[{"href":"https:\/\/www.fuldaernachrichten.de\/index.php?rest_route=\/wp\/v2\/types\/post"}],"author":[{"embeddable":true,"href":"https:\/\/www.fuldaernachrichten.de\/index.php?rest_route=\/wp\/v2\/users\/1"}],"replies":[{"embeddable":true,"href":"https:\/\/www.fuldaernachrichten.de\/index.php?rest_route=%2Fwp%2Fv2%2Fcomments&post=166266"}],"version-history":[{"count":1,"href":"https:\/\/www.fuldaernachrichten.de\/index.php?rest_route=\/wp\/v2\/posts\/166266\/revisions"}],"predecessor-version":[{"id":166277,"href":"https:\/\/www.fuldaernachrichten.de\/index.php?rest_route=\/wp\/v2\/posts\/166266\/revisions\/166277"}],"wp:featuredmedia":[{"embeddable":true,"href":"https:\/\/www.fuldaernachrichten.de\/index.php?rest_route=\/wp\/v2\/media\/166276"}],"wp:attachment":[{"href":"https:\/\/www.fuldaernachrichten.de\/index.php?rest_route=%2Fwp%2Fv2%2Fmedia&parent=166266"}],"wp:term":[{"taxonomy":"category","embeddable":true,"href":"https:\/\/www.fuldaernachrichten.de\/index.php?rest_route=%2Fwp%2Fv2%2Fcategories&post=166266"},{"taxonomy":"post_tag","embeddable":true,"href":"https:\/\/www.fuldaernachrichten.de\/index.php?rest_route=%2Fwp%2Fv2%2Ftags&post=166266"}],"curies":[{"name":"wp","href":"https:\/\/api.w.org\/{rel}","templated":true}]}}