{"id":166258,"date":"2017-08-14T06:17:40","date_gmt":"2017-08-14T04:17:40","guid":{"rendered":"http:\/\/www.fuldaer-nachrichten.de\/?p=166258"},"modified":"2017-08-14T06:17:40","modified_gmt":"2017-08-14T04:17:40","slug":"grosssporthalle-ab-montag-wieder-offen","status":"publish","type":"post","link":"https:\/\/www.fuldaernachrichten.de\/?p=166258","title":{"rendered":"Gro\u00dfsporthalle ab Montag wieder offen"},"content":{"rendered":"<p>Die Alsfelder Gro\u00dfsporthalle kann p\u00fcnktlich zum Schulbeginn am Montag wieder ge\u00f6ffnet werden. Bis dahin ist der Defekt in der Trinkwasserversorgungsleitung behoben, auch die Grundreinigung der Halle ist dann abgeschlossen.<br \/>\nWeil ein Druckminderer defekt war, musste die Halle f\u00fcr wenige Tage geschlossen werden. Am heutigen Mittwoch traf gegen Mittag das Ersatzteil der Trinkwasserversorgung  ein, mit der Montage wird heute noch begonnen. Allerdings m\u00fcssen vor Inbetriebnahme alle Trinkwasserleitungen noch hygienetechnisch gesp\u00fclt und die Armaturen gepr\u00fcft und eventuell  instand gesetzt werden. Dies kann arbeitstechnisch aber erst im Laufe des Donnerstags erfolgen. Daran anschlie\u00dfend wird ein Reinigungsunternehmen mit der j\u00e4hrlichen Sommerreinigung beginnen, f\u00fcr die zwei  Arbeitstage ben\u00f6tigt werden.<\/p>\n","protected":false},"excerpt":{"rendered":"<div class=\"tmnf_excerpt\"><p>Die Alsfelder Gro\u00dfsporthalle kann p\u00fcnktlich zum Schulbeginn am Montag wieder ge\u00f6ffnet werden. Bis dahin ist der Defekt in der Trinkwasserversorgungsleitung behoben, auch die Grundreinigung der Halle ist dann abgeschlossen. Weil ein Druckminderer defekt war, musste die Halle f\u00fcr wenige Tage geschlossen werden. Am heutigen Mittwoch traf gegen Mittag das Ersatzteil der Trinkwasserversorgung ein, mit der &hellip;<\/p>\n<\/div>","protected":false},"author":1,"featured_media":0,"comment_status":"closed","ping_status":"closed","sticky":false,"template":"","format":"standard","meta":{"footnotes":""},"categories":[1],"tags":[],"class_list":["post-166258","post","type-post","status-publish","format-standard","hentry","category-startseite"],"_links":{"self":[{"href":"https:\/\/www.fuldaernachrichten.de\/index.php?rest_route=\/wp\/v2\/posts\/166258","targetHints":{"allow":["GET"]}}],"collection":[{"href":"https:\/\/www.fuldaernachrichten.de\/index.php?rest_route=\/wp\/v2\/posts"}],"about":[{"href":"https:\/\/www.fuldaernachrichten.de\/index.php?rest_route=\/wp\/v2\/types\/post"}],"author":[{"embeddable":true,"href":"https:\/\/www.fuldaernachrichten.de\/index.php?rest_route=\/wp\/v2\/users\/1"}],"replies":[{"embeddable":true,"href":"https:\/\/www.fuldaernachrichten.de\/index.php?rest_route=%2Fwp%2Fv2%2Fcomments&post=166258"}],"version-history":[{"count":1,"href":"https:\/\/www.fuldaernachrichten.de\/index.php?rest_route=\/wp\/v2\/posts\/166258\/revisions"}],"predecessor-version":[{"id":166268,"href":"https:\/\/www.fuldaernachrichten.de\/index.php?rest_route=\/wp\/v2\/posts\/166258\/revisions\/166268"}],"wp:attachment":[{"href":"https:\/\/www.fuldaernachrichten.de\/index.php?rest_route=%2Fwp%2Fv2%2Fmedia&parent=166258"}],"wp:term":[{"taxonomy":"category","embeddable":true,"href":"https:\/\/www.fuldaernachrichten.de\/index.php?rest_route=%2Fwp%2Fv2%2Fcategories&post=166258"},{"taxonomy":"post_tag","embeddable":true,"href":"https:\/\/www.fuldaernachrichten.de\/index.php?rest_route=%2Fwp%2Fv2%2Ftags&post=166258"}],"curies":[{"name":"wp","href":"https:\/\/api.w.org\/{rel}","templated":true}]}}