{"id":166254,"date":"2017-08-14T06:17:16","date_gmt":"2017-08-14T04:17:16","guid":{"rendered":"http:\/\/www.fuldaer-nachrichten.de\/?p=166254"},"modified":"2017-08-14T06:17:16","modified_gmt":"2017-08-14T04:17:16","slug":"berufsunfaehigkeit-und-haftpflicht-risiken-nicht-unterschaetzen","status":"publish","type":"post","link":"https:\/\/www.fuldaernachrichten.de\/?p=166254","title":{"rendered":"Berufsunf\u00e4higkeit und Haftpflicht: Risiken nicht untersch\u00e4tzen"},"content":{"rendered":"<p>Sechs Policen haben Haushalte in Deutschland im Schnitt in der Tasche und zahlen daf\u00fcr etwa 2.200 Euro im Jahr. Trotzdem sind viele unzureichend oder falsch versichert. Der Ratgeber \u201eRichtig versichert \u2013 Wer braucht welche Versicherung?\u201c der Verbraucherzentralen erkl\u00e4rt, welche Vertr\u00e4ge in der aktuellen Lebenssituation wirklich wichtig und welche \u00fcberfl\u00fcssig sind.<br \/>\nBeispielsweise sch\u00e4tzen viele Verbraucher den Verlust des Koffers auf einer Reise als Gefahr ein. Gegen die Folgen einer Berufsunf\u00e4higkeit sch\u00fctzt sich hingegen nicht einmal ein Viertel der Haushalte in Deutschland. Wichtig ist jedoch immer, die Risiken abzusichern, welche die finanzielle Existenz bedrohen k\u00f6nnen. Dazu geh\u00f6rt neben der Berufsunf\u00e4higkeit auch die Haftpflicht.<br \/>\nDas Buch, das in Kooperation mit der ZDF-Sendung \u201eWISO\u201c erschienen ist, weist auf 184 Seiten einen Weg durch die un\u00fcbersichtliche Angebotsvielfalt. Eine erste \u00dcbersicht bieten bereits die Tabellen im Buchumschlag. Die einzelnen Kapitel behandeln die unterschiedlichen Policen dann ausf\u00fchrlich. So k\u00f6nnen Verbraucherinnen und Verbraucher einsch\u00e4tzen, ob sie vor den gr\u00f6\u00dften Gefahren gesch\u00fctzt sind. Gleichzeitig bekommen sie Tipps, wie sie unn\u00f6tige oder zu teure Vertr\u00e4ge beenden.<\/p>\n<p>Den Ratgeber \u201eRichtig versichert \u2013 Wer braucht welche Versicherung?\u201c gibt es zum Abholpreis von 16,90 Euro in der Verbraucherzentrale Hessen, Beratungsstelle Fulda, Karlstr.2. F\u00fcr zus\u00e4tzlich 2,50 Euro bei Einzelversand, also f\u00fcr insgesamt 19,40 Euro, kommt er \u2013 mit Rechnung \u2013 auch ins Haus. Unter https:\/\/www.ratgeber-verbraucherzentrale.de\/DE-HE\/richtig-versichert kann er \u00fcber das Internet bestellt werden und ist f\u00fcr 13,99 Euro auch als E-Book erh\u00e4ltlich.<\/p>\n<p>Schriftliche Bestellungen an: Versandservice der Verbraucherzentralen,<br \/>\nHimmelgeister Stra\u00dfe 70, 40225 D\u00fcsseldorf<br \/>\nBestell-Telefon: (0211) 38 09 &#8211; 555,  Bestell-Fax: (0211) 38 09 &#8211; 235<br \/>\nE-Mail: ratgeber@vz-nrw.de<\/p>\n<p>Pers\u00f6nliche Beratungen zum Thema Versicherungen sind ebenfalls in der Beratungsstelle Fulda m\u00f6glich. Eine Terminvereinbarung am hessenweiten Servicetelefon f\u00fcr das kostenpflichtige Angebot (069) 972010 \u2013 900 ist erforderlich.<\/p>\n","protected":false},"excerpt":{"rendered":"<div class=\"tmnf_excerpt\"><p>Sechs Policen haben Haushalte in Deutschland im Schnitt in der Tasche und zahlen daf\u00fcr etwa 2.200 Euro im Jahr. Trotzdem sind viele unzureichend oder falsch versichert. Der Ratgeber \u201eRichtig versichert \u2013 Wer braucht welche Versicherung?\u201c der Verbraucherzentralen erkl\u00e4rt, welche Vertr\u00e4ge in der aktuellen Lebenssituation wirklich wichtig und welche \u00fcberfl\u00fcssig sind. Beispielsweise sch\u00e4tzen viele Verbraucher den &hellip;<\/p>\n<\/div>","protected":false},"author":1,"featured_media":0,"comment_status":"closed","ping_status":"closed","sticky":false,"template":"","format":"standard","meta":{"footnotes":""},"categories":[1],"tags":[],"class_list":["post-166254","post","type-post","status-publish","format-standard","hentry","category-startseite"],"_links":{"self":[{"href":"https:\/\/www.fuldaernachrichten.de\/index.php?rest_route=\/wp\/v2\/posts\/166254","targetHints":{"allow":["GET"]}}],"collection":[{"href":"https:\/\/www.fuldaernachrichten.de\/index.php?rest_route=\/wp\/v2\/posts"}],"about":[{"href":"https:\/\/www.fuldaernachrichten.de\/index.php?rest_route=\/wp\/v2\/types\/post"}],"author":[{"embeddable":true,"href":"https:\/\/www.fuldaernachrichten.de\/index.php?rest_route=\/wp\/v2\/users\/1"}],"replies":[{"embeddable":true,"href":"https:\/\/www.fuldaernachrichten.de\/index.php?rest_route=%2Fwp%2Fv2%2Fcomments&post=166254"}],"version-history":[{"count":1,"href":"https:\/\/www.fuldaernachrichten.de\/index.php?rest_route=\/wp\/v2\/posts\/166254\/revisions"}],"predecessor-version":[{"id":166265,"href":"https:\/\/www.fuldaernachrichten.de\/index.php?rest_route=\/wp\/v2\/posts\/166254\/revisions\/166265"}],"wp:attachment":[{"href":"https:\/\/www.fuldaernachrichten.de\/index.php?rest_route=%2Fwp%2Fv2%2Fmedia&parent=166254"}],"wp:term":[{"taxonomy":"category","embeddable":true,"href":"https:\/\/www.fuldaernachrichten.de\/index.php?rest_route=%2Fwp%2Fv2%2Fcategories&post=166254"},{"taxonomy":"post_tag","embeddable":true,"href":"https:\/\/www.fuldaernachrichten.de\/index.php?rest_route=%2Fwp%2Fv2%2Ftags&post=166254"}],"curies":[{"name":"wp","href":"https:\/\/api.w.org\/{rel}","templated":true}]}}