{"id":166253,"date":"2017-08-14T06:15:48","date_gmt":"2017-08-14T04:15:48","guid":{"rendered":"http:\/\/www.fuldaer-nachrichten.de\/?p=166253"},"modified":"2017-08-14T06:15:48","modified_gmt":"2017-08-14T04:15:48","slug":"chormusik-von-renaissance-bis-pop","status":"publish","type":"post","link":"https:\/\/www.fuldaernachrichten.de\/?p=166253","title":{"rendered":"Chormusik von Renaissance bis Pop"},"content":{"rendered":"<p>Es ist schon eine sch\u00f6ne Tradition geworden, dass das Fuldaer Vokalensemble InterMezzo in der Konzertreihe der Kirche im Kurpark in Bad Salzschlirf gastiert. Herrliche A-cappella-Arrangements aus f\u00fcnf Jahrhunderten stehen auf dem Programm. Ein wunderbarer Sommerabend zum Tr\u00e4umen und Genie\u00dfen.<br \/>\nMittwoch, 16. August 2017, 19.30 Uhr, Kirche im Kurpark, Bad Salzschlirf.<br \/>\nDer Eintritt ist frei. Spendenm\u00f6glichkeit am Ausgang. <\/p>\n","protected":false},"excerpt":{"rendered":"<div class=\"tmnf_excerpt\"><p>Es ist schon eine sch\u00f6ne Tradition geworden, dass das Fuldaer Vokalensemble InterMezzo in der Konzertreihe der Kirche im Kurpark in Bad Salzschlirf gastiert. Herrliche A-cappella-Arrangements aus f\u00fcnf Jahrhunderten stehen auf dem Programm. Ein wunderbarer Sommerabend zum Tr\u00e4umen und Genie\u00dfen. Mittwoch, 16. August 2017, 19.30 Uhr, Kirche im Kurpark, Bad Salzschlirf. Der Eintritt ist frei. Spendenm\u00f6glichkeit &hellip;<\/p>\n<\/div>","protected":false},"author":1,"featured_media":166260,"comment_status":"closed","ping_status":"closed","sticky":false,"template":"","format":"standard","meta":{"footnotes":""},"categories":[1],"tags":[],"class_list":["post-166253","post","type-post","status-publish","format-standard","has-post-thumbnail","hentry","category-startseite"],"_links":{"self":[{"href":"https:\/\/www.fuldaernachrichten.de\/index.php?rest_route=\/wp\/v2\/posts\/166253","targetHints":{"allow":["GET"]}}],"collection":[{"href":"https:\/\/www.fuldaernachrichten.de\/index.php?rest_route=\/wp\/v2\/posts"}],"about":[{"href":"https:\/\/www.fuldaernachrichten.de\/index.php?rest_route=\/wp\/v2\/types\/post"}],"author":[{"embeddable":true,"href":"https:\/\/www.fuldaernachrichten.de\/index.php?rest_route=\/wp\/v2\/users\/1"}],"replies":[{"embeddable":true,"href":"https:\/\/www.fuldaernachrichten.de\/index.php?rest_route=%2Fwp%2Fv2%2Fcomments&post=166253"}],"version-history":[{"count":1,"href":"https:\/\/www.fuldaernachrichten.de\/index.php?rest_route=\/wp\/v2\/posts\/166253\/revisions"}],"predecessor-version":[{"id":166261,"href":"https:\/\/www.fuldaernachrichten.de\/index.php?rest_route=\/wp\/v2\/posts\/166253\/revisions\/166261"}],"wp:featuredmedia":[{"embeddable":true,"href":"https:\/\/www.fuldaernachrichten.de\/index.php?rest_route=\/wp\/v2\/media\/166260"}],"wp:attachment":[{"href":"https:\/\/www.fuldaernachrichten.de\/index.php?rest_route=%2Fwp%2Fv2%2Fmedia&parent=166253"}],"wp:term":[{"taxonomy":"category","embeddable":true,"href":"https:\/\/www.fuldaernachrichten.de\/index.php?rest_route=%2Fwp%2Fv2%2Fcategories&post=166253"},{"taxonomy":"post_tag","embeddable":true,"href":"https:\/\/www.fuldaernachrichten.de\/index.php?rest_route=%2Fwp%2Fv2%2Ftags&post=166253"}],"curies":[{"name":"wp","href":"https:\/\/api.w.org\/{rel}","templated":true}]}}