{"id":166247,"date":"2017-08-14T06:13:52","date_gmt":"2017-08-14T04:13:52","guid":{"rendered":"http:\/\/www.fuldaer-nachrichten.de\/?p=166247"},"modified":"2017-08-14T06:13:52","modified_gmt":"2017-08-14T04:13:52","slug":"kultursommer-main-kinzig-fulda","status":"publish","type":"post","link":"https:\/\/www.fuldaernachrichten.de\/?p=166247","title":{"rendered":"Kultursommer Main-Kinzig-Fulda"},"content":{"rendered":"<p>Es war fast eher ein Erz\u00e4hlabend als ein Konzert, den Delf Hohmann im Rahmen des Kultursommers Main-Kinzig Fulda gestaltete. Ganz famili\u00e4r ging es zu bei den Songs rund um die Liebe, die Natur und die Landschaften und um die Geschichte &#8211; und um die Liebe zur Freiheit.<\/p>\n<p>Mit feinf\u00fchligen Gitarren- und Banjo-Spiel begleitete Delf Hohmann seine Liedergeschichten, unterbrach sich immer wieder selbst, um kleine Geschichten beizusteuern und dann wieder die gro\u00dfen Themen zu besingen. Und so geh\u00f6rten die Eisb\u00e4rjagd der Inuit in Gr\u00f6nland ebenso selbstverst\u00e4ndlich zu diesem Abend wie das auf Jiddisch vorgetragene &#8220;Das Kelbl&#8221;, ein auf Deutsch, Englisch, Franz\u00f6sisch gesungenes &#8220;Sag mir, wo die Blumen sind&#8221; und das alte Revolutionslied &#8220;Die Gedanken sind frei&#8221;.<\/p>\n","protected":false},"excerpt":{"rendered":"<div class=\"tmnf_excerpt\"><p>Es war fast eher ein Erz\u00e4hlabend als ein Konzert, den Delf Hohmann im Rahmen des Kultursommers Main-Kinzig Fulda gestaltete. Ganz famili\u00e4r ging es zu bei den Songs rund um die Liebe, die Natur und die Landschaften und um die Geschichte &#8211; und um die Liebe zur Freiheit. Mit feinf\u00fchligen Gitarren- und Banjo-Spiel begleitete Delf Hohmann &hellip;<\/p>\n<\/div>","protected":false},"author":1,"featured_media":166251,"comment_status":"closed","ping_status":"closed","sticky":false,"template":"","format":"standard","meta":{"footnotes":""},"categories":[1],"tags":[],"class_list":["post-166247","post","type-post","status-publish","format-standard","has-post-thumbnail","hentry","category-startseite"],"_links":{"self":[{"href":"https:\/\/www.fuldaernachrichten.de\/index.php?rest_route=\/wp\/v2\/posts\/166247","targetHints":{"allow":["GET"]}}],"collection":[{"href":"https:\/\/www.fuldaernachrichten.de\/index.php?rest_route=\/wp\/v2\/posts"}],"about":[{"href":"https:\/\/www.fuldaernachrichten.de\/index.php?rest_route=\/wp\/v2\/types\/post"}],"author":[{"embeddable":true,"href":"https:\/\/www.fuldaernachrichten.de\/index.php?rest_route=\/wp\/v2\/users\/1"}],"replies":[{"embeddable":true,"href":"https:\/\/www.fuldaernachrichten.de\/index.php?rest_route=%2Fwp%2Fv2%2Fcomments&post=166247"}],"version-history":[{"count":1,"href":"https:\/\/www.fuldaernachrichten.de\/index.php?rest_route=\/wp\/v2\/posts\/166247\/revisions"}],"predecessor-version":[{"id":166252,"href":"https:\/\/www.fuldaernachrichten.de\/index.php?rest_route=\/wp\/v2\/posts\/166247\/revisions\/166252"}],"wp:featuredmedia":[{"embeddable":true,"href":"https:\/\/www.fuldaernachrichten.de\/index.php?rest_route=\/wp\/v2\/media\/166251"}],"wp:attachment":[{"href":"https:\/\/www.fuldaernachrichten.de\/index.php?rest_route=%2Fwp%2Fv2%2Fmedia&parent=166247"}],"wp:term":[{"taxonomy":"category","embeddable":true,"href":"https:\/\/www.fuldaernachrichten.de\/index.php?rest_route=%2Fwp%2Fv2%2Fcategories&post=166247"},{"taxonomy":"post_tag","embeddable":true,"href":"https:\/\/www.fuldaernachrichten.de\/index.php?rest_route=%2Fwp%2Fv2%2Ftags&post=166247"}],"curies":[{"name":"wp","href":"https:\/\/api.w.org\/{rel}","templated":true}]}}