{"id":166228,"date":"2017-08-11T08:37:05","date_gmt":"2017-08-11T06:37:05","guid":{"rendered":"http:\/\/www.fuldaer-nachrichten.de\/?p=166228"},"modified":"2017-08-11T08:37:05","modified_gmt":"2017-08-11T06:37:05","slug":"vhs-studienreise-nach-arles-fuldas-staedtepartnerstadt","status":"publish","type":"post","link":"https:\/\/www.fuldaernachrichten.de\/?p=166228","title":{"rendered":"VHS-Studienreise nach Arles \u2013 Fuldas St\u00e4dtepartnerstadt"},"content":{"rendered":"<p>Vom 27. November bis 2. Dezember 2017 f\u00fchrt die Volkshochschule der Stadt Fulda zusammen mit dem Freundeskreis Fulda &#8211; Arles e.V. eine Studienreise nach Arles durch. Der Besuch der Partnerstadt Fuldas wird erg\u00e4nzt durch ein abwechslungsreiches Besichtigungsprogramm franz\u00f6sischer Orte und Sehensw\u00fcrdigkeiten  wie Mulhouse, Beaune, Colmar. Es sind noch Pl\u00e4tze frei.<br \/>\nInformationen: Heidemarie Franzmann, Fachbereichsleiterin Sprachen, 0661 102 1476. Ausk\u00fcnfte und Anmeldung bis 15.09.2017 bei: Reiseveranstalter L&#038;W. Stumpf, Omnibusbetrieb K\u00fcnzell-Dietershausen, 06656 1492.<\/p>\n","protected":false},"excerpt":{"rendered":"<div class=\"tmnf_excerpt\"><p>Vom 27. November bis 2. Dezember 2017 f\u00fchrt die Volkshochschule der Stadt Fulda zusammen mit dem Freundeskreis Fulda &#8211; Arles e.V. eine Studienreise nach Arles durch. Der Besuch der Partnerstadt Fuldas wird erg\u00e4nzt durch ein abwechslungsreiches Besichtigungsprogramm franz\u00f6sischer Orte und Sehensw\u00fcrdigkeiten wie Mulhouse, Beaune, Colmar. Es sind noch Pl\u00e4tze frei. Informationen: Heidemarie Franzmann, Fachbereichsleiterin Sprachen, &hellip;<\/p>\n<\/div>","protected":false},"author":1,"featured_media":0,"comment_status":"closed","ping_status":"closed","sticky":false,"template":"","format":"standard","meta":{"footnotes":""},"categories":[1],"tags":[],"class_list":["post-166228","post","type-post","status-publish","format-standard","hentry","category-startseite"],"_links":{"self":[{"href":"https:\/\/www.fuldaernachrichten.de\/index.php?rest_route=\/wp\/v2\/posts\/166228","targetHints":{"allow":["GET"]}}],"collection":[{"href":"https:\/\/www.fuldaernachrichten.de\/index.php?rest_route=\/wp\/v2\/posts"}],"about":[{"href":"https:\/\/www.fuldaernachrichten.de\/index.php?rest_route=\/wp\/v2\/types\/post"}],"author":[{"embeddable":true,"href":"https:\/\/www.fuldaernachrichten.de\/index.php?rest_route=\/wp\/v2\/users\/1"}],"replies":[{"embeddable":true,"href":"https:\/\/www.fuldaernachrichten.de\/index.php?rest_route=%2Fwp%2Fv2%2Fcomments&post=166228"}],"version-history":[{"count":1,"href":"https:\/\/www.fuldaernachrichten.de\/index.php?rest_route=\/wp\/v2\/posts\/166228\/revisions"}],"predecessor-version":[{"id":166231,"href":"https:\/\/www.fuldaernachrichten.de\/index.php?rest_route=\/wp\/v2\/posts\/166228\/revisions\/166231"}],"wp:attachment":[{"href":"https:\/\/www.fuldaernachrichten.de\/index.php?rest_route=%2Fwp%2Fv2%2Fmedia&parent=166228"}],"wp:term":[{"taxonomy":"category","embeddable":true,"href":"https:\/\/www.fuldaernachrichten.de\/index.php?rest_route=%2Fwp%2Fv2%2Fcategories&post=166228"},{"taxonomy":"post_tag","embeddable":true,"href":"https:\/\/www.fuldaernachrichten.de\/index.php?rest_route=%2Fwp%2Fv2%2Ftags&post=166228"}],"curies":[{"name":"wp","href":"https:\/\/api.w.org\/{rel}","templated":true}]}}