{"id":166212,"date":"2017-08-11T08:34:03","date_gmt":"2017-08-11T06:34:03","guid":{"rendered":"http:\/\/www.fuldaer-nachrichten.de\/?p=166212"},"modified":"2017-08-11T08:34:03","modified_gmt":"2017-08-11T06:34:03","slug":"michaelismarkt-in-hilders-2","status":"publish","type":"post","link":"https:\/\/www.fuldaernachrichten.de\/?p=166212","title":{"rendered":"Michaelismarkt in Hilders"},"content":{"rendered":"<p><a href=\"http:\/\/www.fuldaer-nachrichten.de\/wp-content\/uploads\/2017\/08\/P1060023.jpg\"><img fetchpriority=\"high\" decoding=\"async\" src=\"http:\/\/www.fuldaer-nachrichten.de\/wp-content\/uploads\/2017\/08\/P1060023-265x353.jpg\" alt=\"\" width=\"265\" height=\"353\" class=\"alignleft size-thumbnail wp-image-166214\" srcset=\"https:\/\/www.fuldaernachrichten.de\/wp-content\/uploads\/2017\/08\/P1060023-265x353.jpg 265w, https:\/\/www.fuldaernachrichten.de\/wp-content\/uploads\/2017\/08\/P1060023-199x265.jpg 199w, https:\/\/www.fuldaernachrichten.de\/wp-content\/uploads\/2017\/08\/P1060023-768x1024.jpg 768w, https:\/\/www.fuldaernachrichten.de\/wp-content\/uploads\/2017\/08\/P1060023-450x600.jpg 450w, https:\/\/www.fuldaernachrichten.de\/wp-content\/uploads\/2017\/08\/P1060023.jpg 900w\" sizes=\"(max-width: 265px) 100vw, 265px\" \/><\/a>So bunt wie der Herbst ist, so vielf\u00e4ltig pr\u00e4sentiert sich auch das Angebot an Markth\u00e4ndlern, Marktst\u00e4nden und allerhand Waren am Michaelismarkt. Ein herrlich herbstlicher Markt in der Marktgemeinde Hilders. Am Samstag, den 23.09.2017 laden ab 09:00 Uhr zahlreiche St\u00e4nde rund um das Gemeindezentrum zum St\u00f6bern und Kaufen ein. Auch alle Gesch\u00e4fte in der Marktzone haben bis 18.00 Uhr ge\u00f6ffnet. Hier kann man die Rh\u00f6n genie\u00dfen. Erleben Sie die Vielfalt, die Ihnen Hilders bietet.<\/p>\n","protected":false},"excerpt":{"rendered":"<div class=\"tmnf_excerpt\"><p>So bunt wie der Herbst ist, so vielf\u00e4ltig pr\u00e4sentiert sich auch das Angebot an Markth\u00e4ndlern, Marktst\u00e4nden und allerhand Waren am Michaelismarkt. Ein herrlich herbstlicher Markt in der Marktgemeinde Hilders. Am Samstag, den 23.09.2017 laden ab 09:00 Uhr zahlreiche St\u00e4nde rund um das Gemeindezentrum zum St\u00f6bern und Kaufen ein. Auch alle Gesch\u00e4fte in der Marktzone haben &hellip;<\/p>\n<\/div>","protected":false},"author":1,"featured_media":166213,"comment_status":"closed","ping_status":"closed","sticky":false,"template":"","format":"standard","meta":{"footnotes":""},"categories":[1],"tags":[],"class_list":["post-166212","post","type-post","status-publish","format-standard","has-post-thumbnail","hentry","category-startseite"],"_links":{"self":[{"href":"https:\/\/www.fuldaernachrichten.de\/index.php?rest_route=\/wp\/v2\/posts\/166212","targetHints":{"allow":["GET"]}}],"collection":[{"href":"https:\/\/www.fuldaernachrichten.de\/index.php?rest_route=\/wp\/v2\/posts"}],"about":[{"href":"https:\/\/www.fuldaernachrichten.de\/index.php?rest_route=\/wp\/v2\/types\/post"}],"author":[{"embeddable":true,"href":"https:\/\/www.fuldaernachrichten.de\/index.php?rest_route=\/wp\/v2\/users\/1"}],"replies":[{"embeddable":true,"href":"https:\/\/www.fuldaernachrichten.de\/index.php?rest_route=%2Fwp%2Fv2%2Fcomments&post=166212"}],"version-history":[{"count":1,"href":"https:\/\/www.fuldaernachrichten.de\/index.php?rest_route=\/wp\/v2\/posts\/166212\/revisions"}],"predecessor-version":[{"id":166218,"href":"https:\/\/www.fuldaernachrichten.de\/index.php?rest_route=\/wp\/v2\/posts\/166212\/revisions\/166218"}],"wp:featuredmedia":[{"embeddable":true,"href":"https:\/\/www.fuldaernachrichten.de\/index.php?rest_route=\/wp\/v2\/media\/166213"}],"wp:attachment":[{"href":"https:\/\/www.fuldaernachrichten.de\/index.php?rest_route=%2Fwp%2Fv2%2Fmedia&parent=166212"}],"wp:term":[{"taxonomy":"category","embeddable":true,"href":"https:\/\/www.fuldaernachrichten.de\/index.php?rest_route=%2Fwp%2Fv2%2Fcategories&post=166212"},{"taxonomy":"post_tag","embeddable":true,"href":"https:\/\/www.fuldaernachrichten.de\/index.php?rest_route=%2Fwp%2Fv2%2Ftags&post=166212"}],"curies":[{"name":"wp","href":"https:\/\/api.w.org\/{rel}","templated":true}]}}