{"id":166210,"date":"2017-08-11T08:36:07","date_gmt":"2017-08-11T06:36:07","guid":{"rendered":"http:\/\/www.fuldaer-nachrichten.de\/?p=166210"},"modified":"2017-08-11T08:36:07","modified_gmt":"2017-08-11T06:36:07","slug":"ruhestand-albert-schweitzer-schule-startet-ohne-hans-heinrich-maerz-in-das-neue-schuljahr","status":"publish","type":"post","link":"https:\/\/www.fuldaernachrichten.de\/?p=166210","title":{"rendered":"Ruhestand: Albert-Schweitzer-Schule startet ohne Hans Heinrich M\u00e4rz in das neue Schuljahr"},"content":{"rendered":"<p>Die Liste seiner Funktionen und Aufgaben ist lang geworden \u00fcber die Jahre \u2013 Hans Heinrich M\u00e4rz, mit vierzig Jahren Dienstzeit der l\u00e4ngstgediente Lehrer an der Albert-Schweitzer-Schule, hat viel bewegt, viele Sch\u00fclergenerationen begleitet und in vielen Belangen ma\u00dfgeblich an der Schulentwicklung mitgewirkt. In der letzten Gesamtkonferenz vor den Sommerferien hie\u00df es Abschiednehmen. Hans Heinrich M\u00e4rz geht in den Ruhestand \u2013 wohlverdient ganz sicherlich, doch er wird vermisst werden, insbesondere als Ratgeber und Unterst\u00fctzer des Kollegiums, wie Schulleiterin Elisabeth Hillebrand betonte.<\/p>\n<p>Sie lie\u00df die Stationen von M\u00e4rz\u00e2\u20ac\u02dc Schullaufbahn vor der Lehrerschaft und vielen G\u00e4sten noch einmal Revue passieren: Von seinem Start als Studienreferendar im Herbst 1978 bis hin zu seiner Ehrung des Landes Hessen zum 40-j\u00e4hrigen Dienstjubil\u00e4um Anfang dieses Jahres. Nach seiner Referendarzeit wurde M\u00e4rz als Studienrat zur Anstellung \u00fcbernommen, nur drei Jahre sp\u00e4ter folgte seine Ernennung zum Beamten auf Lebenszeit, 1991 wurde er Oberstudienrat. M\u00e4rz hat w\u00e4hrend seiner Arbeit an vielen Meilensteinen der Schulentwicklung mitgearbeitet, wie Hillebrand ausf\u00fchrte: So war er ma\u00dfgeblich an der Erarbeitung und Weiterentwicklung des Konzeptes der Eingangsstufe 5\/6 beteiligt und holte f\u00fcr Pr\u00e4ventionsma\u00dfnahmen und Sozialtrainings vermehrt au\u00dferschulische Partner an Bord: Mit Wolfgang Weiser von der Fachstelle f\u00fcr Suchtpr\u00e4vention entwickelte und veranstaltete er lange Zeit die Erlebniswanderwoche f\u00fcr die sechsten Klassen im Selbstversorgerhaus in Dietges, auch die Kooperation mit dem Caf\u00e9 Online, der Alsfelder Einrichtung f\u00fcr schulbezogene Jugendarbeit, hat er mit ins Leben gerufen und mit diesen T\u00e4tigkeiten den Grundstein f\u00fcr die Schulsozialarbeit an der Albert-Schweitzer-Schule gelegt, die heute auf sehr professionellem Niveau arbeitet und mit vielen externen Stellen kooperiert. Wie viele Weggef\u00e4hrte aus M\u00e4rz\u00e2\u20ac\u02dc Schullaufbahn war auch Weiser zu der Verabschiedung in die Schule gekommen. Neben ihm wohnten der ehemalige Schulleiter Konrad R\u00fcssel, der ehemalige stellvertretende Schulamtsleiter Christoph Fellner von Feldegg und Ingrid Leitold, mit der M\u00e4rz gemeinsam die Bibliotheksarbeit der Albert-Schweitzer-Schule vorangetrieben hat, der Verabschiedung bei. Sie alle fanden lobende und r\u00fchrende Worte f\u00fcr den scheidenden Lehrer, ein Urgestein der Schule, ein Lehrer aus Begeisterung.<\/p>\n<p>Die Aufz\u00e4hlung von M\u00e4rz\u00e2\u20ac\u02dc T\u00e4tigkeiten und Verdiensten war damit doch noch l\u00e4ngst nicht zu Ende: M\u00e4rz war Gr\u00fcndungsmitglied des Vereins der Freunde und F\u00f6rderer der Albert-Schweitzer-Schule und dort lange Zeit im Vorstand t\u00e4tig, unter anderem als Verbindungslehrer zwischen dem Kollegium der ASS und dem Verein.<\/p>\n<p>Von gro\u00dfer Bedeutung und Ausdauer sind auch M\u00e4rz\u00e2\u20ac\u02dc gewerkschaftliche Aktivit\u00e4ten gepr\u00e4gt. Fast drei\u00dfig Jahre lang war er Mitglied im Personalrat, davon von 2004 bis 2016 Vorsitzender. M\u00e4rz war Vertrauensmann der Gewerkschaft Erziehung und Wissenschaft (GEW) an der ASS und Gewerkschaftsbeauftragter der GEW im Personalrat. \u201eBesonders in diesen Eigenschaften war er ein wichtiger Ansprechpartner f\u00fcr alle Kolleginnen und Kollegen\u201c, w\u00fcrdigte Hillebrand M\u00e4rz\u00e2\u20ac\u02dc Engagement; es habe vermutlich niemanden gegeben, der nicht irgendwann von seiner Erfahrung und Expertise hat profitieren k\u00f6nnen.<\/p>\n<p>Als ein weiteres Verdienst dieses, wie Hillebrand sagte, \u201eakribischen Tag- und Nachtarbeiters\u201c hob die Schulleiterin den Aufbau der Schulbibliotheken an den Standorten in der Schillerstra\u00dfe und in der Krebsbach hervor. Eine letzte Folie der Pr\u00e4sentation, die das Wirken dieses r\u00fchrigen P\u00e4dagogen nachvollzog, trug schlie\u00dflich nur noch den Titel \u201eUnd noch viel, viel mehr\u00e2\u20ac\u00a6\u201c. Dort aufgef\u00fchrt waren M\u00e4rz T\u00e4tigkeiten bei der Konzeptionierung des \u201eHessencampus Vogelsberg\u201c, sein Einsatz als Datenschutzbeauftragter und Sicherheitsbeauftragter der Schule, die langj\u00e4hrige Organisation von Mathematikwettbewerben, die AG-Angebote zur \u201ePhilatelie in der Schule\u201c, die T\u00e4tigkeit als Mentor von Studienreferendaren und sein Einsatz in der Lehrerfortbildung f\u00fcr einen ver\u00e4nderten Mathematikunterricht am Gymnasium. Und was noch? Genau! Eigentlich war Hans Heinrich M\u00e4rz ja Lehrer f\u00fcr Mathematik und Physik. Viele, viele Sch\u00fclerinnen und Sch\u00fcler hat er durch die Mittel- und Oberstufe begleitet, fast ungez\u00e4hlte Klassenleitungen hatte er inne, er leitete Grund- und Leistungskurse und war ganz nebenbei auch einer der ersten, der seinerzeit die IT an der Schule einf\u00fchrte und den Sch\u00fclerinnen und Sch\u00fcler damit sehr fr\u00fch neue, wichtige Perspektiven aufzeigte.<\/p>\n<p>So einen gehen zu lassen, f\u00e4llt schwer, ihm seinen Ruhestand zu g\u00f6nnen, leicht. Da waren sich alle Anwesenden, die den scheidenden Lehrer mit viel Applaus bedachten, am Ende einig.<\/p>\n","protected":false},"excerpt":{"rendered":"<div class=\"tmnf_excerpt\"><p>Die Liste seiner Funktionen und Aufgaben ist lang geworden \u00fcber die Jahre \u2013 Hans Heinrich M\u00e4rz, mit vierzig Jahren Dienstzeit der l\u00e4ngstgediente Lehrer an der Albert-Schweitzer-Schule, hat viel bewegt, viele Sch\u00fclergenerationen begleitet und in vielen Belangen ma\u00dfgeblich an der Schulentwicklung mitgewirkt. In der letzten Gesamtkonferenz vor den Sommerferien hie\u00df es Abschiednehmen. Hans Heinrich M\u00e4rz geht &hellip;<\/p>\n<\/div>","protected":false},"author":1,"featured_media":166226,"comment_status":"closed","ping_status":"closed","sticky":false,"template":"","format":"standard","meta":{"footnotes":""},"categories":[1],"tags":[],"class_list":["post-166210","post","type-post","status-publish","format-standard","has-post-thumbnail","hentry","category-startseite"],"_links":{"self":[{"href":"https:\/\/www.fuldaernachrichten.de\/index.php?rest_route=\/wp\/v2\/posts\/166210","targetHints":{"allow":["GET"]}}],"collection":[{"href":"https:\/\/www.fuldaernachrichten.de\/index.php?rest_route=\/wp\/v2\/posts"}],"about":[{"href":"https:\/\/www.fuldaernachrichten.de\/index.php?rest_route=\/wp\/v2\/types\/post"}],"author":[{"embeddable":true,"href":"https:\/\/www.fuldaernachrichten.de\/index.php?rest_route=\/wp\/v2\/users\/1"}],"replies":[{"embeddable":true,"href":"https:\/\/www.fuldaernachrichten.de\/index.php?rest_route=%2Fwp%2Fv2%2Fcomments&post=166210"}],"version-history":[{"count":1,"href":"https:\/\/www.fuldaernachrichten.de\/index.php?rest_route=\/wp\/v2\/posts\/166210\/revisions"}],"predecessor-version":[{"id":166227,"href":"https:\/\/www.fuldaernachrichten.de\/index.php?rest_route=\/wp\/v2\/posts\/166210\/revisions\/166227"}],"wp:featuredmedia":[{"embeddable":true,"href":"https:\/\/www.fuldaernachrichten.de\/index.php?rest_route=\/wp\/v2\/media\/166226"}],"wp:attachment":[{"href":"https:\/\/www.fuldaernachrichten.de\/index.php?rest_route=%2Fwp%2Fv2%2Fmedia&parent=166210"}],"wp:term":[{"taxonomy":"category","embeddable":true,"href":"https:\/\/www.fuldaernachrichten.de\/index.php?rest_route=%2Fwp%2Fv2%2Fcategories&post=166210"},{"taxonomy":"post_tag","embeddable":true,"href":"https:\/\/www.fuldaernachrichten.de\/index.php?rest_route=%2Fwp%2Fv2%2Ftags&post=166210"}],"curies":[{"name":"wp","href":"https:\/\/api.w.org\/{rel}","templated":true}]}}