{"id":166193,"date":"2017-08-09T07:15:41","date_gmt":"2017-08-09T05:15:41","guid":{"rendered":"http:\/\/www.fuldaer-nachrichten.de\/?p=166193"},"modified":"2017-08-09T07:15:41","modified_gmt":"2017-08-09T05:15:41","slug":"zeichnen-lernen-2","status":"publish","type":"post","link":"https:\/\/www.fuldaernachrichten.de\/?p=166193","title":{"rendered":"Zeichnen lernen"},"content":{"rendered":"<p>Die Grundlagen des gegenst\u00e4ndlichen Zeichnens werden in einem Kurs der Volkshochschule des Landkreises Fulda anhand von abwechslungsreichen, spannenden und einfachen \u00dcbungen vermittelt. Beginn ist Montag, 28. August, um 18 Uhr in der Johann-Adam-F\u00f6rster-Schule in H\u00fcnfeld. Infos und Anmeldung bis 18. August mit Kursnummer VP2051620 unter www.vhs-fulda.de oder telefonisch beim B\u00fcrgerservice (0661)6006-1600.<\/p>\n","protected":false},"excerpt":{"rendered":"<div class=\"tmnf_excerpt\"><p>Die Grundlagen des gegenst\u00e4ndlichen Zeichnens werden in einem Kurs der Volkshochschule des Landkreises Fulda anhand von abwechslungsreichen, spannenden und einfachen \u00dcbungen vermittelt. Beginn ist Montag, 28. August, um 18 Uhr in der Johann-Adam-F\u00f6rster-Schule in H\u00fcnfeld. Infos und Anmeldung bis 18. August mit Kursnummer VP2051620 unter www.vhs-fulda.de oder telefonisch beim B\u00fcrgerservice (0661)6006-1600.<\/p>\n<\/div>","protected":false},"author":1,"featured_media":0,"comment_status":"closed","ping_status":"closed","sticky":false,"template":"","format":"standard","meta":{"footnotes":""},"categories":[1],"tags":[],"class_list":["post-166193","post","type-post","status-publish","format-standard","hentry","category-startseite"],"_links":{"self":[{"href":"https:\/\/www.fuldaernachrichten.de\/index.php?rest_route=\/wp\/v2\/posts\/166193","targetHints":{"allow":["GET"]}}],"collection":[{"href":"https:\/\/www.fuldaernachrichten.de\/index.php?rest_route=\/wp\/v2\/posts"}],"about":[{"href":"https:\/\/www.fuldaernachrichten.de\/index.php?rest_route=\/wp\/v2\/types\/post"}],"author":[{"embeddable":true,"href":"https:\/\/www.fuldaernachrichten.de\/index.php?rest_route=\/wp\/v2\/users\/1"}],"replies":[{"embeddable":true,"href":"https:\/\/www.fuldaernachrichten.de\/index.php?rest_route=%2Fwp%2Fv2%2Fcomments&post=166193"}],"version-history":[{"count":1,"href":"https:\/\/www.fuldaernachrichten.de\/index.php?rest_route=\/wp\/v2\/posts\/166193\/revisions"}],"predecessor-version":[{"id":166203,"href":"https:\/\/www.fuldaernachrichten.de\/index.php?rest_route=\/wp\/v2\/posts\/166193\/revisions\/166203"}],"wp:attachment":[{"href":"https:\/\/www.fuldaernachrichten.de\/index.php?rest_route=%2Fwp%2Fv2%2Fmedia&parent=166193"}],"wp:term":[{"taxonomy":"category","embeddable":true,"href":"https:\/\/www.fuldaernachrichten.de\/index.php?rest_route=%2Fwp%2Fv2%2Fcategories&post=166193"},{"taxonomy":"post_tag","embeddable":true,"href":"https:\/\/www.fuldaernachrichten.de\/index.php?rest_route=%2Fwp%2Fv2%2Ftags&post=166193"}],"curies":[{"name":"wp","href":"https:\/\/api.w.org\/{rel}","templated":true}]}}