{"id":166192,"date":"2017-08-09T07:15:21","date_gmt":"2017-08-09T05:15:21","guid":{"rendered":"http:\/\/www.fuldaer-nachrichten.de\/?p=166192"},"modified":"2017-08-09T07:15:21","modified_gmt":"2017-08-09T05:15:21","slug":"workshops-und-angebote-fuer-frauen-neues-programm-des-frauenzentrums","status":"publish","type":"post","link":"https:\/\/www.fuldaernachrichten.de\/?p=166192","title":{"rendered":"Workshops und Angebote f\u00fcr Frauen &#8211; Neues Programm des Frauenzentrums"},"content":{"rendered":"<p><a href=\"http:\/\/www.fuldaer-nachrichten.de\/wp-content\/uploads\/2017\/08\/Vorderseite-Frauenzentrum-Programm.png\"><img fetchpriority=\"high\" decoding=\"async\" src=\"http:\/\/www.fuldaer-nachrichten.de\/wp-content\/uploads\/2017\/08\/Vorderseite-Frauenzentrum-Programm-265x366.png\" alt=\"\" width=\"265\" height=\"366\" class=\"alignleft size-thumbnail wp-image-166200\" srcset=\"https:\/\/www.fuldaernachrichten.de\/wp-content\/uploads\/2017\/08\/Vorderseite-Frauenzentrum-Programm-265x366.png 265w, https:\/\/www.fuldaernachrichten.de\/wp-content\/uploads\/2017\/08\/Vorderseite-Frauenzentrum-Programm-192x265.png 192w, https:\/\/www.fuldaernachrichten.de\/wp-content\/uploads\/2017\/08\/Vorderseite-Frauenzentrum-Programm-768x1062.png 768w, https:\/\/www.fuldaernachrichten.de\/wp-content\/uploads\/2017\/08\/Vorderseite-Frauenzentrum-Programm-434x600.png 434w, https:\/\/www.fuldaernachrichten.de\/wp-content\/uploads\/2017\/08\/Vorderseite-Frauenzentrum-Programm.png 900w\" sizes=\"(max-width: 265px) 100vw, 265px\" \/><\/a>Neues Jahr, neues Programm: Ab dem 5. September 2017 startet das Frauenzentrum mit neuen Workshops, Vortr\u00e4gen und Exkursionen \u2013 von Frauen f\u00fcr Frauen.<\/p>\n<p>Neben dem Projekt \u201eFit f\u00fcr den Wiedereinstieg ins Berufsleben\u201c sind zum Beispiel auch ein Workshop am 21.10.2017 zum Thema \u201eMotivation \u2013 Wie kann ich meine Ziele erreichen, anstatt aufzugeben\u201c oder eine Diskussion zum Thema \u201eSelbstakzeptanz\u201c am 14.11.2017 mit anschlie\u00dfender Filmvorf\u00fchrung geplant. Ein Highlight des Programms ist der \u201eGlobalisierungsskritische Stadtrundgang\u201c am 28.10.17 in Kooperation mit dem Weltladen Fulda. <\/p>\n<p>Mit dem Frauenzentrum, das gegen\u00fcber des Schlosstheaters in der Schlossstra\u00dfe gelegen ist, stellt die Stadt Fulda ihren B\u00fcrgerinnen R\u00e4ume zur Verf\u00fcgung, in denen sie selbstverantwortlich ihre Projekte und Ideen umsetzen k\u00f6nnen. <\/p>\n<p>Das aktuelle Programmheft mit allen Veranstaltungen ist unter www.fulda.de abrufbar, liegt im B\u00fcrgerb\u00fcro der Stadt Fulda aus oder wird auf Wunsch gerne zugesendet. Weitere Informationen unter frauenbuero@fulda.de oder unter 0661 1021040.  <\/p>\n","protected":false},"excerpt":{"rendered":"<div class=\"tmnf_excerpt\"><p>Neues Jahr, neues Programm: Ab dem 5. September 2017 startet das Frauenzentrum mit neuen Workshops, Vortr\u00e4gen und Exkursionen \u2013 von Frauen f\u00fcr Frauen. Neben dem Projekt \u201eFit f\u00fcr den Wiedereinstieg ins Berufsleben\u201c sind zum Beispiel auch ein Workshop am 21.10.2017 zum Thema \u201eMotivation \u2013 Wie kann ich meine Ziele erreichen, anstatt aufzugeben\u201c oder eine Diskussion &hellip;<\/p>\n<\/div>","protected":false},"author":1,"featured_media":166199,"comment_status":"closed","ping_status":"closed","sticky":false,"template":"","format":"standard","meta":{"footnotes":""},"categories":[1],"tags":[],"class_list":["post-166192","post","type-post","status-publish","format-standard","has-post-thumbnail","hentry","category-startseite"],"_links":{"self":[{"href":"https:\/\/www.fuldaernachrichten.de\/index.php?rest_route=\/wp\/v2\/posts\/166192","targetHints":{"allow":["GET"]}}],"collection":[{"href":"https:\/\/www.fuldaernachrichten.de\/index.php?rest_route=\/wp\/v2\/posts"}],"about":[{"href":"https:\/\/www.fuldaernachrichten.de\/index.php?rest_route=\/wp\/v2\/types\/post"}],"author":[{"embeddable":true,"href":"https:\/\/www.fuldaernachrichten.de\/index.php?rest_route=\/wp\/v2\/users\/1"}],"replies":[{"embeddable":true,"href":"https:\/\/www.fuldaernachrichten.de\/index.php?rest_route=%2Fwp%2Fv2%2Fcomments&post=166192"}],"version-history":[{"count":1,"href":"https:\/\/www.fuldaernachrichten.de\/index.php?rest_route=\/wp\/v2\/posts\/166192\/revisions"}],"predecessor-version":[{"id":166201,"href":"https:\/\/www.fuldaernachrichten.de\/index.php?rest_route=\/wp\/v2\/posts\/166192\/revisions\/166201"}],"wp:featuredmedia":[{"embeddable":true,"href":"https:\/\/www.fuldaernachrichten.de\/index.php?rest_route=\/wp\/v2\/media\/166199"}],"wp:attachment":[{"href":"https:\/\/www.fuldaernachrichten.de\/index.php?rest_route=%2Fwp%2Fv2%2Fmedia&parent=166192"}],"wp:term":[{"taxonomy":"category","embeddable":true,"href":"https:\/\/www.fuldaernachrichten.de\/index.php?rest_route=%2Fwp%2Fv2%2Fcategories&post=166192"},{"taxonomy":"post_tag","embeddable":true,"href":"https:\/\/www.fuldaernachrichten.de\/index.php?rest_route=%2Fwp%2Fv2%2Ftags&post=166192"}],"curies":[{"name":"wp","href":"https:\/\/api.w.org\/{rel}","templated":true}]}}