{"id":166177,"date":"2017-08-09T07:13:04","date_gmt":"2017-08-09T05:13:04","guid":{"rendered":"http:\/\/www.fuldaer-nachrichten.de\/?p=166177"},"modified":"2017-08-09T07:13:04","modified_gmt":"2017-08-09T05:13:04","slug":"schulweg-der-erstklaessler-spaetestens-jetzt-ueben-jeder-noch-so-kleine-schulwegeunfall-ist-ein-unfall-zu-viel-vbe-rektorin-christel-mueller-raet-zur-vorsorglichen-uebung","status":"publish","type":"post","link":"https:\/\/www.fuldaernachrichten.de\/?p=166177","title":{"rendered":"Schulweg der Erstkl\u00e4ssler sp\u00e4testens jetzt \u00fcben &#8212; Jeder noch so kleine Schulwegeunfall ist ein Unfall zu viel\u00c2\u00a0\u2013 VBE-Rektorin Christel M\u00fcller r\u00e4t zur vorsorglichen \u00dcbung"},"content":{"rendered":"<p>Noch dauert es ein paar Tage bis zur Einschulung der neuen Erstkl\u00e4ssler; trotzdem empfiehlt der Verband Bildung und Erziehung (VBE) deren Eltern, sp\u00e4testens jetzt an die Schule zu denken. Nicht nur der Kauf von Schult\u00fcte und Ranzen sei wichtig. Die Eltern der Abc-Sch\u00fctzen sollten die Zeit vor Schulbeginn dazu nutzen, dem Kind die n\u00f6tige Sicherheit f\u00fcr den k\u00fcnftigen Schulweg zu geben.\u00c2\u00a0\u00c2\u00a0 <\/p>\n<p>Alle hessischen Schulen geben als Hilfe f\u00fcr Eltern Schulwegpl\u00e4ne heraus, die wichtige Informationen zu Verkehrssituationen vor Ort enthalten. \u201eDiese Schulwegpl\u00e4ne stellen eine gute Hilfe dar\u201c, so Christel M\u00fcller. \u201eEltern sollten ihr Kind so gr\u00fcndlich auf die Teilnahme am Stra\u00dfenverkehr vorbereiten, dass es gesund wieder nach Hause kommen kann\u201c, wirbt die VBE-Mandatstr\u00e4gerin. <\/p>\n<p>Den Eltern, deren Kindergartenkind nach den Ferien die Grundschule besucht, r\u00e4t Christel M\u00fcller, stellvertretende Landesvorsitzende und RV-Vorsitzende, noch vor dem offiziellen Schulanfang den Schulweg an mehreren Tagen in aller Ruhe mit dem Sohn oder der Tochter gemeinsam abzulaufen und so den Weg regelrecht einzu\u00fcben. <\/p>\n<p>\u201e\u00c4ngste der Schulanf\u00e4nger vor dem unbekannten Schulweg und Sorgen der Eltern um die gesundheitliche Unversehrtheit der Kinder im Stra\u00dfenverkehr k\u00f6nnen abgebaut und m\u00f6gliche Gefahrensituationen minimiert werden, wenn Erstkl\u00e4ssler und deren Eltern die anstehende Schulzeit vorbereiten, gemeinsam den gefahren\u00e4rmsten Schulweg zur Probe \u201ein Echtzeit\u201c mehrmals ablaufen, wenn m\u00f6glich zu der entsprechenden Uhrzeit \u2013 n\u00e4mlich morgens zum k\u00fcnftigen Unterrichtsbeginn und mittags nach Schulschluss\u201c, r\u00e4t Christel M\u00fcller \u2013 selbst Schulleiterin im Kreis Fulda. Das gebe allen Beteiligten ein gutes Gef\u00fchl, vor allem, wenn die Kinder den Eltern den Schulweg \u201ezeigen\u201c und sie zur Schule \u201ef\u00fchren\u201c d\u00fcrfen. <\/p>\n<p>Ein besonderes Augenmerk gelte Sch\u00fclern und Sch\u00fclerinnen, die bereits im 1. Schuljahr mit dem Bus fahren m\u00fcssten. Hier seien alle \u2013 Eltern, Busfahrer und Lehrkr\u00e4fte \u2013 besonders gefordert. Naturgem\u00e4\u00df seien allerdings zuerst die Eltern gehalten, mitzuhelfen, auch diesen Gefahrenpunkt f\u00fcr ihr Kind zu entsch\u00e4rfen.<\/p>\n<p>Bei Unf\u00e4llen mit Kindern habe die Frage nach der Schuld eine untergeordnete Bedeutung. Vorbeugung sei angesagt, damit es erst gar nicht zu einem Ungl\u00fcck komme. Dazu z\u00e4hle allerdings auch ein sicherheitsbewusstes Verhalten der Eltern selbst. Immer wieder m\u00fcsse die Polizei z. B. feststellen, dass Kinder im Auto der Eltern nicht richtig angeschnallt seien und vor Schulen eine viel zu hohe Geschwindigkeit gefahren werde.<\/p>\n<p>Kindergarten und Schulen griffen regelm\u00e4\u00dfig das Thema \u201eGefahren im Stra\u00dfenverkehr\u201c auf und \u00fcbten. Dabei werden sie auch von der Polizei vor Ort unterst\u00fctzt. \u201eDen ganz pers\u00f6nlichen Schulweg mit seinen spezifischen Gefahrenpunkten kennen die Eltern jedoch besser. Diese k\u00f6nnen ihr Kind individuell auf die Teilnahme am Stra\u00dfenverkehr vorbereiten\u201c, so Christel M\u00fcller abschlie\u00dfend.<\/p>\n","protected":false},"excerpt":{"rendered":"<div class=\"tmnf_excerpt\"><p>Noch dauert es ein paar Tage bis zur Einschulung der neuen Erstkl\u00e4ssler; trotzdem empfiehlt der Verband Bildung und Erziehung (VBE) deren Eltern, sp\u00e4testens jetzt an die Schule zu denken. Nicht nur der Kauf von Schult\u00fcte und Ranzen sei wichtig. Die Eltern der Abc-Sch\u00fctzen sollten die Zeit vor Schulbeginn dazu nutzen, dem Kind die n\u00f6tige Sicherheit &hellip;<\/p>\n<\/div>","protected":false},"author":1,"featured_media":0,"comment_status":"closed","ping_status":"closed","sticky":false,"template":"","format":"standard","meta":{"footnotes":""},"categories":[1],"tags":[],"class_list":["post-166177","post","type-post","status-publish","format-standard","hentry","category-startseite"],"_links":{"self":[{"href":"https:\/\/www.fuldaernachrichten.de\/index.php?rest_route=\/wp\/v2\/posts\/166177","targetHints":{"allow":["GET"]}}],"collection":[{"href":"https:\/\/www.fuldaernachrichten.de\/index.php?rest_route=\/wp\/v2\/posts"}],"about":[{"href":"https:\/\/www.fuldaernachrichten.de\/index.php?rest_route=\/wp\/v2\/types\/post"}],"author":[{"embeddable":true,"href":"https:\/\/www.fuldaernachrichten.de\/index.php?rest_route=\/wp\/v2\/users\/1"}],"replies":[{"embeddable":true,"href":"https:\/\/www.fuldaernachrichten.de\/index.php?rest_route=%2Fwp%2Fv2%2Fcomments&post=166177"}],"version-history":[{"count":1,"href":"https:\/\/www.fuldaernachrichten.de\/index.php?rest_route=\/wp\/v2\/posts\/166177\/revisions"}],"predecessor-version":[{"id":166191,"href":"https:\/\/www.fuldaernachrichten.de\/index.php?rest_route=\/wp\/v2\/posts\/166177\/revisions\/166191"}],"wp:attachment":[{"href":"https:\/\/www.fuldaernachrichten.de\/index.php?rest_route=%2Fwp%2Fv2%2Fmedia&parent=166177"}],"wp:term":[{"taxonomy":"category","embeddable":true,"href":"https:\/\/www.fuldaernachrichten.de\/index.php?rest_route=%2Fwp%2Fv2%2Fcategories&post=166177"},{"taxonomy":"post_tag","embeddable":true,"href":"https:\/\/www.fuldaernachrichten.de\/index.php?rest_route=%2Fwp%2Fv2%2Ftags&post=166177"}],"curies":[{"name":"wp","href":"https:\/\/api.w.org\/{rel}","templated":true}]}}