{"id":166171,"date":"2017-08-09T07:09:01","date_gmt":"2017-08-09T05:09:01","guid":{"rendered":"http:\/\/www.fuldaer-nachrichten.de\/?p=166171"},"modified":"2017-08-09T07:09:01","modified_gmt":"2017-08-09T05:09:01","slug":"sozialdemokratischen-frauen-asf-engagieren-sich-im-politischen-salon","status":"publish","type":"post","link":"https:\/\/www.fuldaernachrichten.de\/?p=166171","title":{"rendered":"Sozialdemokratischen Frauen (AsF) engagieren sich im Politischen Salon"},"content":{"rendered":"<p>In Fulda gibt es wieder einen politischen Salon. Die sozialdemokratischen Frauen (AsF) legten dazu den Startschuss bereits Ende April. Im zweiten politischen Salon haben sich die Frauen nun intensiv mit dem demographischen Wandel und das Leben im Alter besch\u00e4ftigt. <\/p>\n<p>Die Vorsitzende Monika Oertel machte in ihrer Begr\u00fc\u00dfung deutlich wie wichtig es ist, dass sich hier alle Frauen einbringen k\u00f6nnen. In gem\u00fctlicher Atmosph\u00e4re, in einem offenen gestalteten Prozess, wird jede Teilnehmerin akzeptiert und kann ihre Vorstellungen vortragen. <\/p>\n<p>Die ehemalige SPD-Landtagsabgeordnete und B\u00fcrgermeisterin von Gro\u00dfenl\u00fcder, Silvia Hillenbrand referierte in einem fundierten historischen Vortrag im Antoniuscafe am Severiberg zur Geschichte und Tradition der Salonkultur.  <\/p>\n<p>Die Wurzeln der politischen Salons liegen in der Antike und waren den M\u00e4nnern vorbehalten. Erst das ritterliche Mittelalter r\u00e4umte den Frauen eine kulturelle Rolle im gesellschaftlichen Leben ein. Dann wurden die Salons politischer; insbesondere zu Zeiten der franz\u00f6sischen Revolution. Ende des 19.Jahrhunderts l\u00f6sten sich die Salons auf. Mit ihrem Vortrag begeisterte Silvia Hillenbrand die Teilnehmerinnen. Die umfangreiche geschichtliche Darstellung war spannend und fl\u00fcssig. Dazu lockerte sie den Vortag mit Lesungen und Zitaten auf, so dass alle bis zum Ende aufmerksam folgten. (Interesse an dem Vortrag? www.spd.fulda.de)  <\/p>\n<p>Nach einer kurzen Pause, in der sich Monika Oertel und alle Teilnehmerinnen bei Silvia bedankten, widmeten sich alle Frauen dem aktiven Teil. In offenen Tischgespr\u00e4chen fand ein reger Austausch statt. Dabei legten die Frauen selbst die Themen fest, die f\u00fcr sie wichtig sind und \u00fcber die sie sich in den kommenden Veranstaltungen austauschen m\u00f6chten. Es war eine gelungene Veranstaltung, alle Teilnehmerinnen begr\u00fc\u00dften das Vorgehen im Salon und freuen sich auf die n\u00e4chsten Veranstaltungen. <\/p>\n<p>Im zweiten politischen Salon war das Thema, \u201eWie erfolgt das generationen\u00fcbergreifende Zusammenleben in der Zukunft\u201c. Einmal mehr in lockerer Atmosph\u00e4re erarbeiteten die Frauen viele Ergebnisse zu diesem Thema. An mehreren Tischen wurde intensiv gearbeitet. Dabei wurden die Themen von der Nachbarschaftshilfe, \u00fcber die notwenige Mobilit\u00e4t bis hin zu Mehrgenerationenh\u00e4usern auf Tischzeitungen dokumentiert. In der Abschlusspr\u00e4sentation wurde das Wesentliche noch einmal dargestellt. Jede\/Jeder ist f\u00fcr sich und f\u00fcr seine Mitmenschen verantwortlich. Der demografische Wandel erfordert mehr Solidarit\u00e4t und Gerechtigkeit, anders wird man die Aufgaben nicht l\u00f6sen k\u00f6nnen. Dabei sind Akzeptanz und der Respekt gegen\u00fcber jeder Einzelnen\/jedem Einzelnen erforderlich. Mehr Kommunikation f\u00f6rdert das Miteinander in der Nachbarschaft. Daf\u00fcr m\u00fcssen Begegnungsm\u00f6glichkeiten geschaffen werden. Und schlussendlich muss sich jeder die Frage stellen, was kann ich f\u00fcr ein besseres Leben im Alter tun, damit es lebenswert bleibt. <\/p>\n<p>Im November wird noch ein weiterer politischer Salon stattfinden, zu dem wieder jede politisch interessierte Frau eingeladen ist. <\/p>\n","protected":false},"excerpt":{"rendered":"<div class=\"tmnf_excerpt\"><p>In Fulda gibt es wieder einen politischen Salon. Die sozialdemokratischen Frauen (AsF) legten dazu den Startschuss bereits Ende April. Im zweiten politischen Salon haben sich die Frauen nun intensiv mit dem demographischen Wandel und das Leben im Alter besch\u00e4ftigt. Die Vorsitzende Monika Oertel machte in ihrer Begr\u00fc\u00dfung deutlich wie wichtig es ist, dass sich hier &hellip;<\/p>\n<\/div>","protected":false},"author":1,"featured_media":166175,"comment_status":"closed","ping_status":"closed","sticky":false,"template":"","format":"standard","meta":{"footnotes":""},"categories":[1],"tags":[],"class_list":["post-166171","post","type-post","status-publish","format-standard","has-post-thumbnail","hentry","category-startseite"],"_links":{"self":[{"href":"https:\/\/www.fuldaernachrichten.de\/index.php?rest_route=\/wp\/v2\/posts\/166171","targetHints":{"allow":["GET"]}}],"collection":[{"href":"https:\/\/www.fuldaernachrichten.de\/index.php?rest_route=\/wp\/v2\/posts"}],"about":[{"href":"https:\/\/www.fuldaernachrichten.de\/index.php?rest_route=\/wp\/v2\/types\/post"}],"author":[{"embeddable":true,"href":"https:\/\/www.fuldaernachrichten.de\/index.php?rest_route=\/wp\/v2\/users\/1"}],"replies":[{"embeddable":true,"href":"https:\/\/www.fuldaernachrichten.de\/index.php?rest_route=%2Fwp%2Fv2%2Fcomments&post=166171"}],"version-history":[{"count":1,"href":"https:\/\/www.fuldaernachrichten.de\/index.php?rest_route=\/wp\/v2\/posts\/166171\/revisions"}],"predecessor-version":[{"id":166176,"href":"https:\/\/www.fuldaernachrichten.de\/index.php?rest_route=\/wp\/v2\/posts\/166171\/revisions\/166176"}],"wp:featuredmedia":[{"embeddable":true,"href":"https:\/\/www.fuldaernachrichten.de\/index.php?rest_route=\/wp\/v2\/media\/166175"}],"wp:attachment":[{"href":"https:\/\/www.fuldaernachrichten.de\/index.php?rest_route=%2Fwp%2Fv2%2Fmedia&parent=166171"}],"wp:term":[{"taxonomy":"category","embeddable":true,"href":"https:\/\/www.fuldaernachrichten.de\/index.php?rest_route=%2Fwp%2Fv2%2Fcategories&post=166171"},{"taxonomy":"post_tag","embeddable":true,"href":"https:\/\/www.fuldaernachrichten.de\/index.php?rest_route=%2Fwp%2Fv2%2Ftags&post=166171"}],"curies":[{"name":"wp","href":"https:\/\/api.w.org\/{rel}","templated":true}]}}