{"id":166170,"date":"2017-08-09T07:11:13","date_gmt":"2017-08-09T05:11:13","guid":{"rendered":"http:\/\/www.fuldaer-nachrichten.de\/?p=166170"},"modified":"2017-08-09T07:11:13","modified_gmt":"2017-08-09T05:11:13","slug":"4-integrationsfussballturnier-fuer-freizeitmannschaften","status":"publish","type":"post","link":"https:\/\/www.fuldaernachrichten.de\/?p=166170","title":{"rendered":"4. Integrationsfu\u00dfballturnier f\u00fcr Freizeitmannschaften"},"content":{"rendered":"<p><a href=\"http:\/\/www.fuldaer-nachrichten.de\/wp-content\/uploads\/2017\/08\/20160924_172716.jpg\"><img decoding=\"async\" src=\"http:\/\/www.fuldaer-nachrichten.de\/wp-content\/uploads\/2017\/08\/20160924_172716-265x149.jpg\" alt=\"\" width=\"265\" height=\"149\" class=\"alignleft size-thumbnail wp-image-166182\" srcset=\"https:\/\/www.fuldaernachrichten.de\/wp-content\/uploads\/2017\/08\/20160924_172716-265x149.jpg 265w, https:\/\/www.fuldaernachrichten.de\/wp-content\/uploads\/2017\/08\/20160924_172716-768x432.jpg 768w, https:\/\/www.fuldaernachrichten.de\/wp-content\/uploads\/2017\/08\/20160924_172716-600x338.jpg 600w, https:\/\/www.fuldaernachrichten.de\/wp-content\/uploads\/2017\/08\/20160924_172716.jpg 853w\" sizes=\"(max-width: 265px) 100vw, 265px\" \/><\/a>Auch in diesem Jahr organisiert das Integrationsnetzwerk der Stadt und des Landkreises Fulda im Rahmen der diesj\u00e4hrigen bundesweiten Interkulturellen Woche das Integrationsfu\u00dfballturnier f\u00fcr Freizeitmannschaften durch und dies bereits zum vierten Male.<\/p>\n<p>Mit an Bord ist &#8220;Stepi&#8221; Dragoslav Stepanovic. Er ist als \u201eIntegrationsbotschafter\u201c im Programm Sport f\u00fcr Fl\u00fcchtlinge des Hessischen Ministerium des Inneren und f\u00fcr Sport und der Sport-Jugend Hessen zu Gast bei Germania.<\/p>\n<p>Gespielt wird am 07. Oktober \u2013 wie im vergangenen Jahr \u2013  auf Kleinfeldern mit 6 Feldspielern und Torwart. Ausgetragen wird das Turnier in der Zeit von 11:00 \u2013 17:00 Uhr auf dem Sportgel\u00e4nde von Germania Fulda, Gallasiniring 20, 36043 Fulda.<\/p>\n<p>Der Spa\u00df und die Integration sollen im Vordergrund stehen. Es sind auch Aktivit\u00e4ten neben dem Sportplatz f\u00fcr Klein und Gro\u00df geplant und f\u00fcr das leibliche Wohl wird ebenfalls gesorgt sein. Es kann also durchaus die ganzen Familie mitgebracht werden. Eine Teilnehmergeb\u00fchr wird nicht erhoben. Die Siegermannschaft wird den Wanderpokal mit nach Hause nehmen \u2013 f\u00fcr alle anderen Teams gibt es nat\u00fcrlich auch einen Pokal.<\/p>\n<p>Das Integrationsnetzwerk von Stadt und Landkreis Fulda sowie der Ausl\u00e4nderbeirat der Stadt Fulda w\u00fcrden es sehr begr\u00fc\u00dfen, wenn Sie unsere Veranstaltung unterst\u00fctzen und uns eine verbindliche Zusage<br \/>\nbis zum 07.09.2017 an sportcoach-fulda@sk-fh.de zukommen lassen k\u00f6nnten. Informationen und weitere Details senden wir gerne zu.<\/p>\n<p>Das Motto des Fuldaer Integrationsnetzwerks lautet \u201eGemeinsamkeiten finden und voneinander lernen\u201c. Verbringen Sie eine Nachmittag mit uns und tragen Sie aktiv dazu bei, dass in unserer Region weiterhin das Miteinander auch erlebbar bleibt.<\/p>\n","protected":false},"excerpt":{"rendered":"<div class=\"tmnf_excerpt\"><p>Auch in diesem Jahr organisiert das Integrationsnetzwerk der Stadt und des Landkreises Fulda im Rahmen der diesj\u00e4hrigen bundesweiten Interkulturellen Woche das Integrationsfu\u00dfballturnier f\u00fcr Freizeitmannschaften durch und dies bereits zum vierten Male. Mit an Bord ist &#8220;Stepi&#8221; Dragoslav Stepanovic. Er ist als \u201eIntegrationsbotschafter\u201c im Programm Sport f\u00fcr Fl\u00fcchtlinge des Hessischen Ministerium des Inneren und f\u00fcr Sport &hellip;<\/p>\n<\/div>","protected":false},"author":1,"featured_media":166181,"comment_status":"closed","ping_status":"closed","sticky":false,"template":"","format":"standard","meta":{"footnotes":""},"categories":[1],"tags":[],"class_list":["post-166170","post","type-post","status-publish","format-standard","has-post-thumbnail","hentry","category-startseite"],"_links":{"self":[{"href":"https:\/\/www.fuldaernachrichten.de\/index.php?rest_route=\/wp\/v2\/posts\/166170","targetHints":{"allow":["GET"]}}],"collection":[{"href":"https:\/\/www.fuldaernachrichten.de\/index.php?rest_route=\/wp\/v2\/posts"}],"about":[{"href":"https:\/\/www.fuldaernachrichten.de\/index.php?rest_route=\/wp\/v2\/types\/post"}],"author":[{"embeddable":true,"href":"https:\/\/www.fuldaernachrichten.de\/index.php?rest_route=\/wp\/v2\/users\/1"}],"replies":[{"embeddable":true,"href":"https:\/\/www.fuldaernachrichten.de\/index.php?rest_route=%2Fwp%2Fv2%2Fcomments&post=166170"}],"version-history":[{"count":1,"href":"https:\/\/www.fuldaernachrichten.de\/index.php?rest_route=\/wp\/v2\/posts\/166170\/revisions"}],"predecessor-version":[{"id":166183,"href":"https:\/\/www.fuldaernachrichten.de\/index.php?rest_route=\/wp\/v2\/posts\/166170\/revisions\/166183"}],"wp:featuredmedia":[{"embeddable":true,"href":"https:\/\/www.fuldaernachrichten.de\/index.php?rest_route=\/wp\/v2\/media\/166181"}],"wp:attachment":[{"href":"https:\/\/www.fuldaernachrichten.de\/index.php?rest_route=%2Fwp%2Fv2%2Fmedia&parent=166170"}],"wp:term":[{"taxonomy":"category","embeddable":true,"href":"https:\/\/www.fuldaernachrichten.de\/index.php?rest_route=%2Fwp%2Fv2%2Fcategories&post=166170"},{"taxonomy":"post_tag","embeddable":true,"href":"https:\/\/www.fuldaernachrichten.de\/index.php?rest_route=%2Fwp%2Fv2%2Ftags&post=166170"}],"curies":[{"name":"wp","href":"https:\/\/api.w.org\/{rel}","templated":true}]}}