{"id":166168,"date":"2017-08-09T07:08:07","date_gmt":"2017-08-09T05:08:07","guid":{"rendered":"http:\/\/www.fuldaer-nachrichten.de\/?p=166168"},"modified":"2017-08-09T07:12:35","modified_gmt":"2017-08-09T05:12:35","slug":"bundesministerin-brigitte-zypries-besucht-die-sommerakademie-der-kinder-akademie-fulda","status":"publish","type":"post","link":"https:\/\/www.fuldaernachrichten.de\/?p=166168","title":{"rendered":"Bundesministerin Brigitte Zypries besucht die Sommerakademie der Kinder-Akademie Fulda"},"content":{"rendered":"<p>Unter dem Motto Handel &#038; Wandel steht die diesj\u00e4hrige Sommerakademie der Kinder-Akademie Fulda. Ziel ist es, Kindern und Jugendlichen zu zeigen auf welchen Entdeckungen und Erfindungen unser heutiges Wirtschaftssystem fu\u00dft. In 12 einw\u00f6chigen, ganzt\u00e4gigen Workshops forschen und arbeiten jeweils 16 Kinder und Jugendliche unter fachlicher Anleitung. Sie setzten sich intensiv mit Arbeitsabl\u00e4ufen wie z.B. der Herstellung von Seife, Marmelade, K\u00e4se, Sauerkraut und der Via Regia als wichtige Handelsstra\u00dfe auseinander.<\/p>\n<p>Am vergangen Freitag endete die Workshops \u201eBLAU\u201c und \u201eEs riecht so nach Papier\u201c. Die Bundesministerin f\u00fcr Wirtschaft Brigitte Zypries, Schirmherrin und F\u00f6rderer der Sommerakademie nahm dies zum Anlass f\u00fcr ihren Besuch in der Kinder-Akademie Fulda und nahm an den Pr\u00e4sentationen teil. Anl\u00e4\u00dflich ihres Besuch kamen auch die Mitglieder des Beirates der Kinder-Akademie Fulda: Birgit K\u00f6mpel, Mitglied des Bundestages, Michael Brand , Mitglied des Bundestages, Oberb\u00fcrgermeister Dr. Heiko Wingenfeld, Stefan Schunck Hauptgesch\u00e4ftsf\u00fchrer der IHK und Joachim Janshen als Vertreter des Landkreises sowie Martin Ebeling Werksleiter bei K+ S in Neuhof. Helen und Prof. Dr. Tassilo Bonzel sowie Dr. Gabriele K\u00f6nig freuten sich sehr \u00fcber die gro\u00dfe Wertsch\u00e4tzung der Kinder-Akademie Fulda, die durch den Besuch deutlich gemacht wurde.<\/p>\n","protected":false},"excerpt":{"rendered":"<div class=\"tmnf_excerpt\"><p>Unter dem Motto Handel &#038; Wandel steht die diesj\u00e4hrige Sommerakademie der Kinder-Akademie Fulda. Ziel ist es, Kindern und Jugendlichen zu zeigen auf welchen Entdeckungen und Erfindungen unser heutiges Wirtschaftssystem fu\u00dft. In 12 einw\u00f6chigen, ganzt\u00e4gigen Workshops forschen und arbeiten jeweils 16 Kinder und Jugendliche unter fachlicher Anleitung. Sie setzten sich intensiv mit Arbeitsabl\u00e4ufen wie z.B. der &hellip;<\/p>\n<\/div>","protected":false},"author":1,"featured_media":166186,"comment_status":"closed","ping_status":"closed","sticky":false,"template":"","format":"gallery","meta":{"footnotes":""},"categories":[1],"tags":[],"class_list":["post-166168","post","type-post","status-publish","format-gallery","has-post-thumbnail","hentry","category-startseite","post_format-post-format-gallery"],"_links":{"self":[{"href":"https:\/\/www.fuldaernachrichten.de\/index.php?rest_route=\/wp\/v2\/posts\/166168","targetHints":{"allow":["GET"]}}],"collection":[{"href":"https:\/\/www.fuldaernachrichten.de\/index.php?rest_route=\/wp\/v2\/posts"}],"about":[{"href":"https:\/\/www.fuldaernachrichten.de\/index.php?rest_route=\/wp\/v2\/types\/post"}],"author":[{"embeddable":true,"href":"https:\/\/www.fuldaernachrichten.de\/index.php?rest_route=\/wp\/v2\/users\/1"}],"replies":[{"embeddable":true,"href":"https:\/\/www.fuldaernachrichten.de\/index.php?rest_route=%2Fwp%2Fv2%2Fcomments&post=166168"}],"version-history":[{"count":2,"href":"https:\/\/www.fuldaernachrichten.de\/index.php?rest_route=\/wp\/v2\/posts\/166168\/revisions"}],"predecessor-version":[{"id":166188,"href":"https:\/\/www.fuldaernachrichten.de\/index.php?rest_route=\/wp\/v2\/posts\/166168\/revisions\/166188"}],"wp:featuredmedia":[{"embeddable":true,"href":"https:\/\/www.fuldaernachrichten.de\/index.php?rest_route=\/wp\/v2\/media\/166186"}],"wp:attachment":[{"href":"https:\/\/www.fuldaernachrichten.de\/index.php?rest_route=%2Fwp%2Fv2%2Fmedia&parent=166168"}],"wp:term":[{"taxonomy":"category","embeddable":true,"href":"https:\/\/www.fuldaernachrichten.de\/index.php?rest_route=%2Fwp%2Fv2%2Fcategories&post=166168"},{"taxonomy":"post_tag","embeddable":true,"href":"https:\/\/www.fuldaernachrichten.de\/index.php?rest_route=%2Fwp%2Fv2%2Ftags&post=166168"}],"curies":[{"name":"wp","href":"https:\/\/api.w.org\/{rel}","templated":true}]}}