{"id":166160,"date":"2017-08-09T07:07:16","date_gmt":"2017-08-09T05:07:16","guid":{"rendered":"http:\/\/www.fuldaer-nachrichten.de\/?p=166160"},"modified":"2017-08-09T07:07:16","modified_gmt":"2017-08-09T05:07:16","slug":"dr-mischak-beglueckwuenscht-langjaehrige-mitarbeiter-der-kreisverwaltung","status":"publish","type":"post","link":"https:\/\/www.fuldaernachrichten.de\/?p=166160","title":{"rendered":"Dr. Mischak begl\u00fcckw\u00fcnscht langj\u00e4hrige Mitarbeiter der Kreisverwaltung"},"content":{"rendered":"<p>Es ist eine ganz normale Feierstunde, doch sie zeigt, wie breit die Vogelsberger Kreisverwaltung aufgestellt ist: Erster Kreisbeigeordneter Dr. Jens Mischak (CDU) begl\u00fcckw\u00fcnscht am Montag gleich sieben Mitarbeiterinnen und Mitarbeiter f\u00fcr ihr langj\u00e4hriges Engagement im \u00f6ffentlichen Dienst, zust\u00e4ndig sind sie in den verschiedensten Gebieten \u2013 von der wirtschaftlichen Jugendhilfe \u00fcber die Verkehrsbeh\u00f6rde bis hin zum Gew\u00e4sserschutz.<\/p>\n<p>Es ist eine gro\u00dfe Runde, die im Sitzungssaal des Kreishauses zusammengekommen ist. Die langj\u00e4hrigen Mitarbeiter werden begleitet von ihren Sachgebietsleitern und den Amtsleitern. Hinzu kommen neben dem Ersten Kreisbeigeordnetem auch Christa Wiese als Personalchefin, Peter Sukdolak als Personalratsvorsitzender und Frauenbeauftragte Elisabeth Lippert. Sie alle stellen das Engagement der Mitarbeiter heraus, ihre Fachkompetenz, ihr Wissen und ihre Teamf\u00e4higkeit \u2013 verbunden mit dem Wunsch, dass alle der Kreisverwaltung noch m\u00f6glichst lange erhalten bleiben.<\/p>\n<p>Thomas Glitsch aus Lauterbach kann auf sein 40-j\u00e4hriges Dienstjubil\u00e4um zur\u00fcckblicken. Er hat von 1977 bis 1979 zun\u00e4chst eine Ausbildung beim Finanzamt in Lauterbach gemacht, sp\u00e4ter wechselte er zum Finanzamt Offenbach, dann nach Fulda. Im August 1993 kam er zum Vogelsbergkreis, lange Jahre war er beim Jugendamt besch\u00e4ftigt, seit 2013 ist er in der Kommunalen Vermittlungsagentur (KVA) eingesetzt. Dort bearbeitet er Widerspruchsverfahren gegen Bescheide der KVA, zudem vertritt er den Vogelsbergkreis in erster Instanz vor dem Sozialgericht. \u201eDie Aufgaben erfordern neben einer sehr guten Auffassungsgabe und Fachwissen ein hohes Ma\u00df an kommunikativen F\u00e4higkeiten\u201c, lobt Dr. Mischak. Kommunikation finde dabei auf verschiedenen Ebenen statt: gegen\u00fcber Kunden, unter Kollegen und Vorgesetzten, gegen\u00fcber juristischen Vertretern und Richtern beim Sozialgericht. Thomas Glitsch sei dabei in der Lage, \u201ein jeder Situation die richtige Ansprache zu finden\u201c. Insbesondere auch gegen\u00fcber \u201eschwierigen Kunden\u201c bewahre er die n\u00f6tige Ruhe und Souver\u00e4nit\u00e4t, bescheinigte ihm der Erste Kreisbeigeordnete.<\/p>\n<p>Astrid R\u00fchl ist von Anfang an beim Vogelsbergkreis besch\u00e4ftigt. Am 1. August 1992 begann sie mit ihrer Ausbildung zur Verwaltungsfachangestellten, sp\u00e4ter absolvierte sie noch eine Fortbildung zur Verwaltungswirtin. Die Ehringsh\u00e4userin, die ein Faible f\u00fcr Island hat, ist im Amt f\u00fcr Soziale Sicherung besch\u00e4ftigt und k\u00fcmmert sich als Sachbearbeiterin um den Bereich Unterhaltsvorschuss. \u201eSie ist eine absolute team-playerin\u201c, wird ihr bescheinigt, Kollegialit\u00e4t sei ihr sehr wichtig.<\/p>\n<p>Auch der Lauterbacher Steffen G\u00fcnther hat schon in der Kreisverwaltung gelernt, heute ist er Sachbearbeiter im Bereich Kfz-Zulassung und Fahrerlaubnisse, gleichzeitig Zahlestellenverwalter (Kassenautomat) und Systemadministrator. Er ist einer der erfahrensten Mitarbeiter der Zulassungsbeh\u00f6rde, der als \u201eflei\u00dfig, gewissenhaft und zuverl\u00e4ssig\u201c beschrieben wird, hinzu kommt ein \u201ebeachtenswertes technisches Verst\u00e4ndnis\u201c, lobt Dr. Mischak.<\/p>\n<p>Ein \u201ealter Hase\u201c im Jugendamt ist Anja Seibert aus Maar, seit 22 Jahren \u2013 also direkt nach der Ausbildung beim Kreis \u2013 ist sie dort als Mitarbeiterin der wirtschaftlichen Jugendhilfe t\u00e4tig. In dieser speziellen Aufgabe hat sie sich \u201eviel Routine und Sicherheit erarbeitet\u201c, arbeitet selbstst\u00e4ndig und zuverl\u00e4ssig. Dr. Jens Mischak lobt auch die nette und offene Art der Mitarbeiterin. Zudem zeichne sich Anja Seibert durch ihre Hilfsbereitschaft aus.<\/p>\n<p>Von der Pike auf gelernt hat Stephan Rhiel aus Am\u00f6neburg seinen Beruf: Erst die Ausbildung zum Landwirt, dann ein Studium und schlie\u00dflich die Ausbildung zum gehobenen Verwaltungsdienst. Er ist Sachbearbeiter im Amt f\u00fcr Wirtschaft und l\u00e4ndlichen Raum und unter anderem zust\u00e4ndig f\u00fcr Grundst\u00fccks- und Landverpachtungsgesetz, er gibt gutachterliche Stellungnahmen ab, k\u00fcmmert sich um Pflanzenschutz und Gew\u00e4sserschutz. Dr. Mischak bezeichnet ihn als \u201esehr erfahrenen\u201c Mitarbeiter, dessen Fachkenntnisse ihn zu einem \u201ekompetenten und gesch\u00e4tzten Ansprechpartner\u201c f\u00fcr die Landwirte machen.<\/p>\n<p>In der Unteren Wasserbeh\u00f6rde ist Bauingenieur Arnold Hacke aus Feldatal seit 2001 t\u00e4tig, zuvor war er \u2013 nach Ausbildung zum Verwaltungsfachangestellten und Weiterbildung f\u00fcr den gehobenen technischen Dienst \u2013 bei verschiedenen Firmen besch\u00e4ftigt. In der Kreisverwaltung ist er unter anderem f\u00fcr Gew\u00e4sseraufsicht oder auch f\u00fcr Hochwasserschutz zust\u00e4ndig. \u201eEr besitzt die Gabe, dem B\u00fcrger komplizierte Sachverhalte leicht verst\u00e4ndlich zu erkl\u00e4ren\u201c, freut sich der Erste Kreisbeigeordnete. Hacke sei \u201efachlich sehr versiert\u201c, er denke und handele b\u00fcrgernah.<\/p>\n<p>Melanie Cimalla aus Gro\u00dfenl\u00fcder kommt eigentlich aus dem Finanzwesen, hat eine Ausbildung beim Finanzamt Fulda absolviert, 2005 wurde sie zun\u00e4chst abgeordnet an die Kreisverwaltung in Lauterbach, 2006 dann versetzt. Heute ist sie Sachbearbeiterin im Bereich Wasser- und Bodenschutz im Amt f\u00fcr Bauen und Umwelt. Sie ist \u201ehochmotiviert und engagiert\u201c, sagt Dr. Mischak. Sie bringe gerne konstruktive Verbesserungsvorschl\u00e4ge ein und trage mit zur Weiterentwicklung des Sachgebietes.<\/p>\n","protected":false},"excerpt":{"rendered":"<div class=\"tmnf_excerpt\"><p>Es ist eine ganz normale Feierstunde, doch sie zeigt, wie breit die Vogelsberger Kreisverwaltung aufgestellt ist: Erster Kreisbeigeordneter Dr. Jens Mischak (CDU) begl\u00fcckw\u00fcnscht am Montag gleich sieben Mitarbeiterinnen und Mitarbeiter f\u00fcr ihr langj\u00e4hriges Engagement im \u00f6ffentlichen Dienst, zust\u00e4ndig sind sie in den verschiedensten Gebieten \u2013 von der wirtschaftlichen Jugendhilfe \u00fcber die Verkehrsbeh\u00f6rde bis hin zum &hellip;<\/p>\n<\/div>","protected":false},"author":1,"featured_media":166166,"comment_status":"closed","ping_status":"closed","sticky":false,"template":"","format":"standard","meta":{"footnotes":""},"categories":[1],"tags":[],"class_list":["post-166160","post","type-post","status-publish","format-standard","has-post-thumbnail","hentry","category-startseite"],"_links":{"self":[{"href":"https:\/\/www.fuldaernachrichten.de\/index.php?rest_route=\/wp\/v2\/posts\/166160","targetHints":{"allow":["GET"]}}],"collection":[{"href":"https:\/\/www.fuldaernachrichten.de\/index.php?rest_route=\/wp\/v2\/posts"}],"about":[{"href":"https:\/\/www.fuldaernachrichten.de\/index.php?rest_route=\/wp\/v2\/types\/post"}],"author":[{"embeddable":true,"href":"https:\/\/www.fuldaernachrichten.de\/index.php?rest_route=\/wp\/v2\/users\/1"}],"replies":[{"embeddable":true,"href":"https:\/\/www.fuldaernachrichten.de\/index.php?rest_route=%2Fwp%2Fv2%2Fcomments&post=166160"}],"version-history":[{"count":1,"href":"https:\/\/www.fuldaernachrichten.de\/index.php?rest_route=\/wp\/v2\/posts\/166160\/revisions"}],"predecessor-version":[{"id":166167,"href":"https:\/\/www.fuldaernachrichten.de\/index.php?rest_route=\/wp\/v2\/posts\/166160\/revisions\/166167"}],"wp:featuredmedia":[{"embeddable":true,"href":"https:\/\/www.fuldaernachrichten.de\/index.php?rest_route=\/wp\/v2\/media\/166166"}],"wp:attachment":[{"href":"https:\/\/www.fuldaernachrichten.de\/index.php?rest_route=%2Fwp%2Fv2%2Fmedia&parent=166160"}],"wp:term":[{"taxonomy":"category","embeddable":true,"href":"https:\/\/www.fuldaernachrichten.de\/index.php?rest_route=%2Fwp%2Fv2%2Fcategories&post=166160"},{"taxonomy":"post_tag","embeddable":true,"href":"https:\/\/www.fuldaernachrichten.de\/index.php?rest_route=%2Fwp%2Fv2%2Ftags&post=166160"}],"curies":[{"name":"wp","href":"https:\/\/api.w.org\/{rel}","templated":true}]}}