{"id":166159,"date":"2017-08-09T07:06:23","date_gmt":"2017-08-09T05:06:23","guid":{"rendered":"http:\/\/www.fuldaer-nachrichten.de\/?p=166159"},"modified":"2017-08-09T07:06:23","modified_gmt":"2017-08-09T05:06:23","slug":"naechste-fuehrung-zum-reformationsjahr","status":"publish","type":"post","link":"https:\/\/www.fuldaernachrichten.de\/?p=166159","title":{"rendered":"N\u00e4chste F\u00fchrung zum Reformationsjahr"},"content":{"rendered":"<p>Luthers Lehren kamen einst auch in Fulda an: Die F\u00fchrung \u201eLuther und Fulda? Auf dem Weg des evangelischen Bekenntnisses durch die katholische Stadt\u201c stellt Schaupl\u00e4tze der Reformationsepoche vor, erz\u00e4hlt, wie der &#8220;Neue Glaube&#8221; im Hochstift Fulda Fu\u00df fasste und wie h\u00f6chst unterschiedlich die F\u00fcrst\u00e4bte reagierten. <\/p>\n<p>Auf dem Weg durch die katholisch gepr\u00e4gte Stadt gibt es eine Menge \u00fcber die Geschichte des evangelischen Glaubens zu berichten: angefangen bei den ersten Predigern im Geist Luthers bis zu den heutigen evangelischen Gemeinden in Fulda. <\/p>\n<p>Die n\u00e4chste F\u00fchrung findet statt am Sonntag, den 27.08.2017 um 14.30 Uhr. Dauer 2 Stunden, Teilnehmergeb\u00fchr 8 Euro (6 Euro erm\u00e4\u00dfigt), Treffpunkt: Touristinformation (Bonifatiusplatz). F\u00fcr Gruppen ist die F\u00fchrung jederzeit \u00fcber das Tourismus- und Kongressmanagement Fulda buchbar.<br \/>\nUm Anmeldung per Email (tourismus@fulda.de) oder Telefon (0661\/1021813) wird gebeten.<\/p>\n","protected":false},"excerpt":{"rendered":"<div class=\"tmnf_excerpt\"><p>Luthers Lehren kamen einst auch in Fulda an: Die F\u00fchrung \u201eLuther und Fulda? Auf dem Weg des evangelischen Bekenntnisses durch die katholische Stadt\u201c stellt Schaupl\u00e4tze der Reformationsepoche vor, erz\u00e4hlt, wie der &#8220;Neue Glaube&#8221; im Hochstift Fulda Fu\u00df fasste und wie h\u00f6chst unterschiedlich die F\u00fcrst\u00e4bte reagierten. Auf dem Weg durch die katholisch gepr\u00e4gte Stadt gibt es &hellip;<\/p>\n<\/div>","protected":false},"author":1,"featured_media":166164,"comment_status":"closed","ping_status":"closed","sticky":false,"template":"","format":"standard","meta":{"footnotes":""},"categories":[1],"tags":[],"class_list":["post-166159","post","type-post","status-publish","format-standard","has-post-thumbnail","hentry","category-startseite"],"_links":{"self":[{"href":"https:\/\/www.fuldaernachrichten.de\/index.php?rest_route=\/wp\/v2\/posts\/166159","targetHints":{"allow":["GET"]}}],"collection":[{"href":"https:\/\/www.fuldaernachrichten.de\/index.php?rest_route=\/wp\/v2\/posts"}],"about":[{"href":"https:\/\/www.fuldaernachrichten.de\/index.php?rest_route=\/wp\/v2\/types\/post"}],"author":[{"embeddable":true,"href":"https:\/\/www.fuldaernachrichten.de\/index.php?rest_route=\/wp\/v2\/users\/1"}],"replies":[{"embeddable":true,"href":"https:\/\/www.fuldaernachrichten.de\/index.php?rest_route=%2Fwp%2Fv2%2Fcomments&post=166159"}],"version-history":[{"count":1,"href":"https:\/\/www.fuldaernachrichten.de\/index.php?rest_route=\/wp\/v2\/posts\/166159\/revisions"}],"predecessor-version":[{"id":166165,"href":"https:\/\/www.fuldaernachrichten.de\/index.php?rest_route=\/wp\/v2\/posts\/166159\/revisions\/166165"}],"wp:featuredmedia":[{"embeddable":true,"href":"https:\/\/www.fuldaernachrichten.de\/index.php?rest_route=\/wp\/v2\/media\/166164"}],"wp:attachment":[{"href":"https:\/\/www.fuldaernachrichten.de\/index.php?rest_route=%2Fwp%2Fv2%2Fmedia&parent=166159"}],"wp:term":[{"taxonomy":"category","embeddable":true,"href":"https:\/\/www.fuldaernachrichten.de\/index.php?rest_route=%2Fwp%2Fv2%2Fcategories&post=166159"},{"taxonomy":"post_tag","embeddable":true,"href":"https:\/\/www.fuldaernachrichten.de\/index.php?rest_route=%2Fwp%2Fv2%2Ftags&post=166159"}],"curies":[{"name":"wp","href":"https:\/\/api.w.org\/{rel}","templated":true}]}}