{"id":166158,"date":"2017-08-09T07:05:53","date_gmt":"2017-08-09T05:05:53","guid":{"rendered":"http:\/\/www.fuldaer-nachrichten.de\/?p=166158"},"modified":"2017-08-09T07:05:53","modified_gmt":"2017-08-09T05:05:53","slug":"am-24-september-ist-super-wahlsonntag-im-landkreis-fulda","status":"publish","type":"post","link":"https:\/\/www.fuldaernachrichten.de\/?p=166158","title":{"rendered":"Am 24. September ist Super-Wahlsonntag im Landkreis Fulda"},"content":{"rendered":"<p>Am 24. September ist Super-Wahlsonntag. Dabei kommt es im Landkreis und in der Stadt Fulda zu einem Novum: Erstmals findet die Landratsdirektwahl gemeinsam mit der Bundestagswahl statt. In der Gemeinde Petersberg gibt es sogar eine dritte Wahl. Denn dort wird auch der B\u00fcrgermeister gew\u00e4hlt.<\/p>\n<p>Im Landkreis Fulda k\u00fcmmern sich um die ordnungsgem\u00e4\u00dfe Durchf\u00fchrung von Wahlen federf\u00fchrend das Kreiswahlb\u00fcro sowie die Wahl\u00e4mter in den St\u00e4dten und Gemeinden. Das Kreiswahlb\u00fcro ist dem Fachdienst Kommunalaufsicht, Wahlen und Gefahrenabwehr des Landkreises angegliedert. Der Fachdienst wird von Norbert Huder geleitet, der auch als Kreiswahlleiter fungiert. Stellvertretende Kreiswahlleiterin ist Michaele Noll, die den Fachdienst Rechtsangelegenheiten leitet. Weiter geh\u00f6ren dem Kreiswahlb\u00fcro Johannes Gro\u00df und Judith Hofmann als Sachbearbeiter an. Sie werden vom Fachdienst Informationstechnik unterst\u00fctzt.<\/p>\n<p>Die Zusammenfassung von Wahlen bedeutet einerseits einen erh\u00f6hten Aufwand. So d\u00fcrfte die Stimmenausz\u00e4hlung l\u00e4nger dauern. Andererseits erhofft man sich von der B\u00fcndelung der Wahltermine eine h\u00f6here Wahlbeteiligung und die Einsparung von Kosten. \u00dcber die Zulassung der Wahlvorschl\u00e4ge wurde bereits von den zust\u00e4ndigen Aussch\u00fcssen entschieden. Bei der Bundestagswahl bewerben sich im Wahlkreis 174, der neben dem Landkreis Fulda auch Teile des Vogelsbergkreises umfasst, acht Kandidaten um die Erst- und 18 Parteien \u00fcber ihre Landeslisten um die Zweistimme. Bei der Landratsdirektwahl stehen ebenso wie in Petersberg drei Bewerber zur Wahl.<\/p>\n<p>Ende August beginnt der Versand der Wahlbenachrichtigungen. W\u00e4hrend bei der Bundestagswahl nur deutsche Staatsangeh\u00f6rige wahlberechtigt sind, k\u00f6nnen bei der Landratsdirektwahl und der B\u00fcrgermeisterwahl auch EU-B\u00fcrger ihre Stimme abgeben, sofern sie seit drei Monaten ihren Wohnsitz im Landkreis Fulda beziehungsweise in der Gemeinde Petersberg haben. Ganz wichtig ist, dass die Bewohner der Stadt Fulda den Landrat mitw\u00e4hlen. Bei der letzten Landratsdirektwahl in 2011 gab es rund 170.00 Wahlberechtigte in Stadt und Landkreis Fulda, bei der letzten Bundestagswahl in 2013 waren es rund 210.000 Wahlberechtigte im Wahlkreis 174.<\/p>\n<p>Die Briefwahlunterlagen liegen ab Mitte August bei den Kommunen vor. Wer per Briefwahl w\u00e4hlen m\u00f6chte, muss auf die unterschiedlichen Farben der Stimmzettel, Wahlscheine und Umschl\u00e4ge achten. Wie vor jeder Wahl findet auch wieder eine Testwahl statt, um die EDV-Systeme und Meldewege zu \u00fcberpr\u00fcfen. Am Wahlsonntag gilt bei der Stimmenausz\u00e4hlung die Reihenfolge: Bundestag vor B\u00fcrgermeister und Landrat. Vom Kreiswahlb\u00fcro werden die aus den St\u00e4dten und Gemeinden einlaufenden Ergebnisse auf ihre Plausibilit\u00e4t gepr\u00fcft, statistisch aufbereitet, f\u00fcr die Ver\u00f6ffentlichung frei gegeben und anschlie\u00dfend in den Sitzungss\u00e4len des Landratsamts pr\u00e4sentiert. Sie sind auf der Homepage des Landkreises oder einer Wahlapp abrufbar.<\/p>\n<p>Am sp\u00e4teren Abend wird der Kreiswahlleiter das vorl\u00e4ufige Endergebnis feststellen. Gew\u00e4hlt ist als Wahlkreisabgeordneter in den Bundestag der Kandidat mit den meisten Stimmen. Hingegen m\u00fcssen die Bewerber bei der Landratsdirektwahl und der B\u00fcrgermeisterwahl im ersten Wahlgang die absolute Mehrheit der Stimmen erreichen. Einige Tage nach der Wahl treten die zust\u00e4ndigen Wahlaussch\u00fcsse erneut zusammen, um \u00fcber die Niederschriften aus den Wahllokalen zu entscheiden und das endg\u00fcltige Wahlergebnis festzustellen. Die Wahlen enden mit der Beschlussfassung \u00fcber deren G\u00fcltigkeit durch den Bundestag, den Kreistag und die Gemeindevertretung.<\/p>\n","protected":false},"excerpt":{"rendered":"<div class=\"tmnf_excerpt\"><p>Am 24. September ist Super-Wahlsonntag. Dabei kommt es im Landkreis und in der Stadt Fulda zu einem Novum: Erstmals findet die Landratsdirektwahl gemeinsam mit der Bundestagswahl statt. In der Gemeinde Petersberg gibt es sogar eine dritte Wahl. Denn dort wird auch der B\u00fcrgermeister gew\u00e4hlt. Im Landkreis Fulda k\u00fcmmern sich um die ordnungsgem\u00e4\u00dfe Durchf\u00fchrung von Wahlen &hellip;<\/p>\n<\/div>","protected":false},"author":1,"featured_media":166162,"comment_status":"closed","ping_status":"closed","sticky":false,"template":"","format":"standard","meta":{"footnotes":""},"categories":[1],"tags":[],"class_list":["post-166158","post","type-post","status-publish","format-standard","has-post-thumbnail","hentry","category-startseite"],"_links":{"self":[{"href":"https:\/\/www.fuldaernachrichten.de\/index.php?rest_route=\/wp\/v2\/posts\/166158","targetHints":{"allow":["GET"]}}],"collection":[{"href":"https:\/\/www.fuldaernachrichten.de\/index.php?rest_route=\/wp\/v2\/posts"}],"about":[{"href":"https:\/\/www.fuldaernachrichten.de\/index.php?rest_route=\/wp\/v2\/types\/post"}],"author":[{"embeddable":true,"href":"https:\/\/www.fuldaernachrichten.de\/index.php?rest_route=\/wp\/v2\/users\/1"}],"replies":[{"embeddable":true,"href":"https:\/\/www.fuldaernachrichten.de\/index.php?rest_route=%2Fwp%2Fv2%2Fcomments&post=166158"}],"version-history":[{"count":1,"href":"https:\/\/www.fuldaernachrichten.de\/index.php?rest_route=\/wp\/v2\/posts\/166158\/revisions"}],"predecessor-version":[{"id":166163,"href":"https:\/\/www.fuldaernachrichten.de\/index.php?rest_route=\/wp\/v2\/posts\/166158\/revisions\/166163"}],"wp:featuredmedia":[{"embeddable":true,"href":"https:\/\/www.fuldaernachrichten.de\/index.php?rest_route=\/wp\/v2\/media\/166162"}],"wp:attachment":[{"href":"https:\/\/www.fuldaernachrichten.de\/index.php?rest_route=%2Fwp%2Fv2%2Fmedia&parent=166158"}],"wp:term":[{"taxonomy":"category","embeddable":true,"href":"https:\/\/www.fuldaernachrichten.de\/index.php?rest_route=%2Fwp%2Fv2%2Fcategories&post=166158"},{"taxonomy":"post_tag","embeddable":true,"href":"https:\/\/www.fuldaernachrichten.de\/index.php?rest_route=%2Fwp%2Fv2%2Ftags&post=166158"}],"curies":[{"name":"wp","href":"https:\/\/api.w.org\/{rel}","templated":true}]}}