{"id":166144,"date":"2017-08-09T07:05:16","date_gmt":"2017-08-09T05:05:16","guid":{"rendered":"http:\/\/www.fuldaer-nachrichten.de\/?p=166144"},"modified":"2017-08-09T07:05:16","modified_gmt":"2017-08-09T05:05:16","slug":"9-rhoensprudel-biosphaeren-camp-beendet-neuauflage-2018","status":"publish","type":"post","link":"https:\/\/www.fuldaernachrichten.de\/?p=166144","title":{"rendered":"9. Rh\u00f6nSprudel Biosph\u00e4ren-Camp beendet \/ Neuauflage 2018"},"content":{"rendered":"<p><a href=\"http:\/\/www.fuldaer-nachrichten.de\/wp-content\/uploads\/2017\/08\/rh\u00f6nsprudel-biosph\u00e4rencamp_fliegerdenkmal-wasserkuppe.jpg\"><img fetchpriority=\"high\" decoding=\"async\" src=\"http:\/\/www.fuldaer-nachrichten.de\/wp-content\/uploads\/2017\/08\/rh\u00f6nsprudel-biosph\u00e4rencamp_fliegerdenkmal-wasserkuppe-265x322.jpg\" alt=\"\" width=\"265\" height=\"322\" class=\"alignleft size-thumbnail wp-image-166152\" \/><\/a>\u201eBiosph\u00e4ren-Scout\u201c k\u00f6nnen sich l\u00e4ngst nicht alle Kinder im Alter von zehn bis zw\u00f6lf Jahren nennen. Die 17 M\u00e4dchen und 19 Jungen, die am Rh\u00f6nSprudel Biosph\u00e4ren-Camp teilnahmen aber schon. Denn sie kennen sich jetzt bestens im UNESCO-Biosph\u00e4renreservat Rh\u00f6n aus und erlebten in den zur\u00fcckliegenden Tagen eine Menge unvergesslicher Abenteuer inmitten einer einzigartigen Natur.<br \/>\nBereits zum 9. Mal hatte der MineralBrunnen Rh\u00f6nSprudel gemeinsam mit dem Biosph\u00e4renreservat Rh\u00f6n und der Kinder- und Jugendf\u00f6rderung des Landkreises Fulda das Rh\u00f6nSprudel Biosph\u00e4ren-Camp veranstaltet. Dabei lernten die M\u00e4dchen und Jungen die sagenumwobene Milseburg und die Wasserkuppe als \u201eBerg der Flieger\u201c kennen, erforschten eine Rh\u00f6ner Quelle und schlossen Bekanntschaft mit dem Wanderfalken \u201eMaverick\u201c, Waldkauz \u201eRosalie\u201c und Rotmilan \u201eLucia\u201c von Falkner Michael Schanze aus Michelsrombach. Seit kurzem wissen sie nun auch, wie das Wasser in die Flasche kommt \u2013 eine Betriebsbesichtigung bei Rh\u00f6nSprudel hinterlie\u00df bleibende Eindr\u00fccke.<br \/>\nAm Ende des Camps berichteten die M\u00e4dchen und Jungen ihren Eltern und Verwandten von den Erlebnissen der letzten Tage. Dazu geh\u00f6rten die Tour mit den Rh\u00f6nLamas zur Milseburg, der Besuch in der Segelflugschule auf der Wasserkuppe und die hautnahe Begegnung mit den Flederm\u00e4usen. Au\u00dferdem wissen sie nun, dass es in der Rh\u00f6n schon fast 200 Wildkatzen gibt, die dort in freier Wildbahn leben. Auf dem Bauernhof Goldbach in Poppenhausen versuchten sich die Jungen und M\u00e4dchen als Brot-, Br\u00f6tchen- und Pizzab\u00e4cker, und so mancher Camp-Teilnehmer streichelte zum ersten Mal in seinem Leben eine Kuh.<\/p>\n<p>Viele der zum Teil weit angereisten Kinder hatten vor ihrem Besuch im Biosph\u00e4renreservat Rh\u00f6n gar keine Vorstellung davon, wie das Wasser eigentlich in die Flasche kommt. Hier konnte Martin G\u00e4rtner vom MineralBrunnen Rh\u00f6nSprudel viel Wissenswertes vermitteln. Rh\u00f6nSprudel verf\u00fcgt \u00fcber 18 Mineralquellen und geh\u00f6rt zu den zw\u00f6lf gr\u00f6\u00dften Mineralbrunnen in Deutschland. Rund 300 Millionen Flaschen werden pro Jahr abgef\u00fcllt und an den Handel ausgeliefert.<\/p>\n<p>Ohne die tolle Unterst\u00fctzung des Biosph\u00e4renreservats Rh\u00f6n und der Kinder- und Jugendf\u00f6rderung des Landkreises Fulda w\u00e4re die Durchf\u00fchrung des Rh\u00f6nSprudel Biosph\u00e4ren-Camps allerdings nicht denkbar, betonte Gesellschafterin Natalie Schindel. Am Abschlusstag \u00fcberreichte sie den M\u00e4dchen und Jungen die Urkunde zum \u201eBiosph\u00e4ren-Scout\u201c. F\u00fcr ein erfolgreiches Camp brauche man einfach das Wissen seitens des Biosph\u00e4renreservats \u00fcber die Natur und die Erfahrung bei der Betreuung von Kindern seitens des Landkreises Fulda. Auch f\u00fcr 2018 will das Familienunternehmen aus Weyhers wieder Kinder aus ganz Deutschland dazu einladen, die Heimat von Rh\u00f6nSprudel, das von der Weltkulturorganisation UNESCO ausgezeichnete Biosph\u00e4renreservat Rh\u00f6n, zu erkunden und zu erforschen.<\/p>\n","protected":false},"excerpt":{"rendered":"<div class=\"tmnf_excerpt\"><p>\u201eBiosph\u00e4ren-Scout\u201c k\u00f6nnen sich l\u00e4ngst nicht alle Kinder im Alter von zehn bis zw\u00f6lf Jahren nennen. Die 17 M\u00e4dchen und 19 Jungen, die am Rh\u00f6nSprudel Biosph\u00e4ren-Camp teilnahmen aber schon. Denn sie kennen sich jetzt bestens im UNESCO-Biosph\u00e4renreservat Rh\u00f6n aus und erlebten in den zur\u00fcckliegenden Tagen eine Menge unvergesslicher Abenteuer inmitten einer einzigartigen Natur. Bereits zum 9. &hellip;<\/p>\n<\/div>","protected":false},"author":1,"featured_media":166153,"comment_status":"closed","ping_status":"closed","sticky":false,"template":"","format":"gallery","meta":{"footnotes":""},"categories":[1],"tags":[],"class_list":["post-166144","post","type-post","status-publish","format-gallery","has-post-thumbnail","hentry","category-startseite","post_format-post-format-gallery"],"_links":{"self":[{"href":"https:\/\/www.fuldaernachrichten.de\/index.php?rest_route=\/wp\/v2\/posts\/166144","targetHints":{"allow":["GET"]}}],"collection":[{"href":"https:\/\/www.fuldaernachrichten.de\/index.php?rest_route=\/wp\/v2\/posts"}],"about":[{"href":"https:\/\/www.fuldaernachrichten.de\/index.php?rest_route=\/wp\/v2\/types\/post"}],"author":[{"embeddable":true,"href":"https:\/\/www.fuldaernachrichten.de\/index.php?rest_route=\/wp\/v2\/users\/1"}],"replies":[{"embeddable":true,"href":"https:\/\/www.fuldaernachrichten.de\/index.php?rest_route=%2Fwp%2Fv2%2Fcomments&post=166144"}],"version-history":[{"count":1,"href":"https:\/\/www.fuldaernachrichten.de\/index.php?rest_route=\/wp\/v2\/posts\/166144\/revisions"}],"predecessor-version":[{"id":166161,"href":"https:\/\/www.fuldaernachrichten.de\/index.php?rest_route=\/wp\/v2\/posts\/166144\/revisions\/166161"}],"wp:featuredmedia":[{"embeddable":true,"href":"https:\/\/www.fuldaernachrichten.de\/index.php?rest_route=\/wp\/v2\/media\/166153"}],"wp:attachment":[{"href":"https:\/\/www.fuldaernachrichten.de\/index.php?rest_route=%2Fwp%2Fv2%2Fmedia&parent=166144"}],"wp:term":[{"taxonomy":"category","embeddable":true,"href":"https:\/\/www.fuldaernachrichten.de\/index.php?rest_route=%2Fwp%2Fv2%2Fcategories&post=166144"},{"taxonomy":"post_tag","embeddable":true,"href":"https:\/\/www.fuldaernachrichten.de\/index.php?rest_route=%2Fwp%2Fv2%2Ftags&post=166144"}],"curies":[{"name":"wp","href":"https:\/\/api.w.org\/{rel}","templated":true}]}}