{"id":166142,"date":"2017-08-09T07:03:41","date_gmt":"2017-08-09T05:03:41","guid":{"rendered":"http:\/\/www.fuldaer-nachrichten.de\/?p=166142"},"modified":"2017-08-09T07:03:41","modified_gmt":"2017-08-09T05:03:41","slug":"wertschaetzung-fairness-und-volle-integration-sechs-auszubildende-starten-bei-adam-berkel","status":"publish","type":"post","link":"https:\/\/www.fuldaernachrichten.de\/?p=166142","title":{"rendered":"Wertsch\u00e4tzung, Fairness und volle Integration &#8211; Sechs Auszubildende starten bei Adam Berkel"},"content":{"rendered":"<p>Sechs junge Erwachsene haben vergangene Woche ihre Ausbildung bei Adam Berkel begonnen. Antonia Paul, Marcel Nowak, Fabian Falk, Jonas Hofmann, Kevin M\u00fcck und Niklas Markert starten in ihr Berufsleben und bilden seit langem die gr\u00f6\u00dfte Gruppe an Azubis beim Fuldaer Traditionsunternehmen. Schon nach den ersten Tagen f\u00fchlen sich die Auszubildenden wohl und sind einstimmig \u00fcberzeugt davon, \u201edass das eine super Zeit wird, in der man viel lernen kann\u201c. Gemeinsam mit ihren Ausbildern Denise Rehm und Marco Schneider haben sie in den ersten Tagen ihrer Ausbildung das Unternehmen kennengelernt \u2013 aktuell werden die neuen Nachwuchskr\u00e4fte in ihren Fachabteilungen eingearbeitet. Denise Rehm, die ihre Ausbildung vor drei Jahren bei Adam Berkel abgeschlossen hat und sich seitdem stetig weiterentwickelt, freut sich besonders darauf, die jungen Erwachsenen in den n\u00e4chsten Jahren begleiten zu d\u00fcrfen: \u201eWir sind stolz darauf, dass sechs motivierte und engagierte Auszubildende den Weg zu uns gefunden haben,\u201c so die gelernte Kauffrau im Gro\u00df- und Au\u00dfenhandel. \u201eSie genie\u00dfen bei uns einen besonderen Stellenwert, und wir legen stets Wert darauf, ihnen eine Karriere mit Zukunftsperspektiven zu erm\u00f6glichen.\u201c Als Fachkraft f\u00fcr Lagerlogistik, Kaufmann\/frau im Gro\u00df- und Au\u00dfenhandel und Kaufmann im Einzelhandel werden die Auszubildenden in den kommenden Jahren verschiedene Abteilungen kennenlernen und ihre St\u00e4rken in unterschiedlichen Bereichen weiterentwickeln k\u00f6nnen. Neben einer pers\u00f6nlichen Betreuung sind Wertsch\u00e4tzung, Fairness und volle Integration in die jeweiligen Teams elementare Bestandteile. \u201eDaher sind die Auszubildenden ein wichtiger Teil des Teams und \u00fcbernehmen fr\u00fchzeitig Verantwortung f\u00fcr ihre Aufgaben\u201c, betont Marco Schneider.<\/p>\n","protected":false},"excerpt":{"rendered":"<div class=\"tmnf_excerpt\"><p>Sechs junge Erwachsene haben vergangene Woche ihre Ausbildung bei Adam Berkel begonnen. Antonia Paul, Marcel Nowak, Fabian Falk, Jonas Hofmann, Kevin M\u00fcck und Niklas Markert starten in ihr Berufsleben und bilden seit langem die gr\u00f6\u00dfte Gruppe an Azubis beim Fuldaer Traditionsunternehmen. Schon nach den ersten Tagen f\u00fchlen sich die Auszubildenden wohl und sind einstimmig \u00fcberzeugt &hellip;<\/p>\n<\/div>","protected":false},"author":1,"featured_media":166147,"comment_status":"closed","ping_status":"closed","sticky":false,"template":"","format":"standard","meta":{"footnotes":""},"categories":[1],"tags":[],"class_list":["post-166142","post","type-post","status-publish","format-standard","has-post-thumbnail","hentry","category-startseite"],"_links":{"self":[{"href":"https:\/\/www.fuldaernachrichten.de\/index.php?rest_route=\/wp\/v2\/posts\/166142","targetHints":{"allow":["GET"]}}],"collection":[{"href":"https:\/\/www.fuldaernachrichten.de\/index.php?rest_route=\/wp\/v2\/posts"}],"about":[{"href":"https:\/\/www.fuldaernachrichten.de\/index.php?rest_route=\/wp\/v2\/types\/post"}],"author":[{"embeddable":true,"href":"https:\/\/www.fuldaernachrichten.de\/index.php?rest_route=\/wp\/v2\/users\/1"}],"replies":[{"embeddable":true,"href":"https:\/\/www.fuldaernachrichten.de\/index.php?rest_route=%2Fwp%2Fv2%2Fcomments&post=166142"}],"version-history":[{"count":1,"href":"https:\/\/www.fuldaernachrichten.de\/index.php?rest_route=\/wp\/v2\/posts\/166142\/revisions"}],"predecessor-version":[{"id":166148,"href":"https:\/\/www.fuldaernachrichten.de\/index.php?rest_route=\/wp\/v2\/posts\/166142\/revisions\/166148"}],"wp:featuredmedia":[{"embeddable":true,"href":"https:\/\/www.fuldaernachrichten.de\/index.php?rest_route=\/wp\/v2\/media\/166147"}],"wp:attachment":[{"href":"https:\/\/www.fuldaernachrichten.de\/index.php?rest_route=%2Fwp%2Fv2%2Fmedia&parent=166142"}],"wp:term":[{"taxonomy":"category","embeddable":true,"href":"https:\/\/www.fuldaernachrichten.de\/index.php?rest_route=%2Fwp%2Fv2%2Fcategories&post=166142"},{"taxonomy":"post_tag","embeddable":true,"href":"https:\/\/www.fuldaernachrichten.de\/index.php?rest_route=%2Fwp%2Fv2%2Ftags&post=166142"}],"curies":[{"name":"wp","href":"https:\/\/api.w.org\/{rel}","templated":true}]}}