{"id":166132,"date":"2017-08-09T07:01:11","date_gmt":"2017-08-09T05:01:11","guid":{"rendered":"http:\/\/www.fuldaer-nachrichten.de\/?p=166132"},"modified":"2017-08-09T07:01:11","modified_gmt":"2017-08-09T05:01:11","slug":"neues-design-fuer-mediana-bus-modernes-layout-fuer-linienbus-der-rhoenenergie-unterstreicht-zeitgemaessen-auftritt","status":"publish","type":"post","link":"https:\/\/www.fuldaernachrichten.de\/?p=166132","title":{"rendered":"Neues Design f\u00fcr Mediana Bus &#8211; Modernes Layout f\u00fcr Linienbus der Rh\u00f6nEnergie unterstreicht zeitgem\u00e4\u00dfen Auftritt"},"content":{"rendered":"<p>Altenheim war gestern \u2013 die Senioren von heute sind aktiv und selbstbewusst, genie\u00dfen ihr Leben und nehmen teil an vielf\u00e4ltigen Angeboten. Um diesem Anspruch Rechnung zu tragen und durch die Erweiterung des Leistungsportfolios der Mediana Gruppe, wurde der seit gut sieben Jahren im Liniennetz der Rh\u00f6nEnergie eingesetzte Bus im \u00d6PNV mit Mediana Design neu gestaltet.<\/p>\n<p>\u201eEs war an der Zeit, die Aussagekraft der Beschriftung und den Informationsgehalt zu erneuern\u201c, erkl\u00e4rt Mediana Gesch\u00e4ftsf\u00fchrer Bastian Hans. Nach mehr als sieben Jahren, in denen der Fokus auf den Einrichtungen Pflegestift und Wohnstift in Fulda lag, sollten den weiteren angebotenen Dienstleistungen der Unternehmensgruppe mehr Bedeutung beigemessen werden.<br \/>\n\u201eUnser Leistungsportfolio hat sich in den letzten Jahren deutlich erweitert. Neben den Seniorenheimen in Fulda und H\u00fcnfeld bieten wir Pflege zu Hause, Kurzzeit- und Intensivpflege an und auch Kinderkrankenpflege hat einen festen Platz erhalten in den angebotenen Leistungen, die wir mittlerweile erbringen\u201c, sagt Gesellschafter Oliver Kropp.<br \/>\nDas Layout des Busses ist an die drei Taxen angepasst, die ebenfalls in und um Fulda im Mediana Design im Einsatz sind. <\/p>\n<p>BU: Gesellschafter Oliver Kropp (links) und Mediana-Gesch\u00e4ftsf\u00fchrer Bastian Hans waren die ersten Fahrg\u00e4ste im Linienbus der Rh\u00f6nEnergie mit dem neu gestalteten Layout der Unternehmensgruppe.<\/p>\n","protected":false},"excerpt":{"rendered":"<div class=\"tmnf_excerpt\"><p>Altenheim war gestern \u2013 die Senioren von heute sind aktiv und selbstbewusst, genie\u00dfen ihr Leben und nehmen teil an vielf\u00e4ltigen Angeboten. Um diesem Anspruch Rechnung zu tragen und durch die Erweiterung des Leistungsportfolios der Mediana Gruppe, wurde der seit gut sieben Jahren im Liniennetz der Rh\u00f6nEnergie eingesetzte Bus im \u00d6PNV mit Mediana Design neu gestaltet. &hellip;<\/p>\n<\/div>","protected":false},"author":1,"featured_media":166133,"comment_status":"closed","ping_status":"closed","sticky":false,"template":"","format":"standard","meta":{"footnotes":""},"categories":[1],"tags":[],"class_list":["post-166132","post","type-post","status-publish","format-standard","has-post-thumbnail","hentry","category-startseite"],"_links":{"self":[{"href":"https:\/\/www.fuldaernachrichten.de\/index.php?rest_route=\/wp\/v2\/posts\/166132","targetHints":{"allow":["GET"]}}],"collection":[{"href":"https:\/\/www.fuldaernachrichten.de\/index.php?rest_route=\/wp\/v2\/posts"}],"about":[{"href":"https:\/\/www.fuldaernachrichten.de\/index.php?rest_route=\/wp\/v2\/types\/post"}],"author":[{"embeddable":true,"href":"https:\/\/www.fuldaernachrichten.de\/index.php?rest_route=\/wp\/v2\/users\/1"}],"replies":[{"embeddable":true,"href":"https:\/\/www.fuldaernachrichten.de\/index.php?rest_route=%2Fwp%2Fv2%2Fcomments&post=166132"}],"version-history":[{"count":1,"href":"https:\/\/www.fuldaernachrichten.de\/index.php?rest_route=\/wp\/v2\/posts\/166132\/revisions"}],"predecessor-version":[{"id":166134,"href":"https:\/\/www.fuldaernachrichten.de\/index.php?rest_route=\/wp\/v2\/posts\/166132\/revisions\/166134"}],"wp:featuredmedia":[{"embeddable":true,"href":"https:\/\/www.fuldaernachrichten.de\/index.php?rest_route=\/wp\/v2\/media\/166133"}],"wp:attachment":[{"href":"https:\/\/www.fuldaernachrichten.de\/index.php?rest_route=%2Fwp%2Fv2%2Fmedia&parent=166132"}],"wp:term":[{"taxonomy":"category","embeddable":true,"href":"https:\/\/www.fuldaernachrichten.de\/index.php?rest_route=%2Fwp%2Fv2%2Fcategories&post=166132"},{"taxonomy":"post_tag","embeddable":true,"href":"https:\/\/www.fuldaernachrichten.de\/index.php?rest_route=%2Fwp%2Fv2%2Ftags&post=166132"}],"curies":[{"name":"wp","href":"https:\/\/api.w.org\/{rel}","templated":true}]}}