{"id":166129,"date":"2017-08-09T07:02:16","date_gmt":"2017-08-09T05:02:16","guid":{"rendered":"http:\/\/www.fuldaer-nachrichten.de\/?p=166129"},"modified":"2017-08-09T07:02:16","modified_gmt":"2017-08-09T05:02:16","slug":"adventskreuzfahrt-des-kolpingwerks-von-strassburg-nach-speyer","status":"publish","type":"post","link":"https:\/\/www.fuldaernachrichten.de\/?p=166129","title":{"rendered":"Adventskreuzfahrt des Kolpingwerks von Stra\u00dfburg nach Speyer"},"content":{"rendered":"<p>Das Kolpingwerk im Bistum Fulda f\u00fchrt vom 01.-02. Dezember 2017 eine Flusskreuzfahrt mit Besuch der beiden Weihnachtsm\u00e4rkte in Stra\u00dfburg und Speyer durch. Die Teilnehmer k\u00f6nnen sich auf komfortable Kabinen, Vollpension und ein Ausflugsprogramm freuen.<\/p>\n<p>N\u00e4here Informationen \u00fcber das Kolpingwerk, Tel. 0661-10000 oder unter www.kolping-fulda.de events. Auf Grund der begrenzten Teilnehmerzahl ist der Anmeldeschluss am Mittwoch, 15. August 2017.<\/p>\n","protected":false},"excerpt":{"rendered":"<div class=\"tmnf_excerpt\"><p>Das Kolpingwerk im Bistum Fulda f\u00fchrt vom 01.-02. Dezember 2017 eine Flusskreuzfahrt mit Besuch der beiden Weihnachtsm\u00e4rkte in Stra\u00dfburg und Speyer durch. Die Teilnehmer k\u00f6nnen sich auf komfortable Kabinen, Vollpension und ein Ausflugsprogramm freuen. N\u00e4here Informationen \u00fcber das Kolpingwerk, Tel. 0661-10000 oder unter www.kolping-fulda.de events. Auf Grund der begrenzten Teilnehmerzahl ist der Anmeldeschluss am Mittwoch, &hellip;<\/p>\n<\/div>","protected":false},"author":1,"featured_media":0,"comment_status":"closed","ping_status":"closed","sticky":false,"template":"","format":"standard","meta":{"footnotes":""},"categories":[1],"tags":[],"class_list":["post-166129","post","type-post","status-publish","format-standard","hentry","category-startseite"],"_links":{"self":[{"href":"https:\/\/www.fuldaernachrichten.de\/index.php?rest_route=\/wp\/v2\/posts\/166129","targetHints":{"allow":["GET"]}}],"collection":[{"href":"https:\/\/www.fuldaernachrichten.de\/index.php?rest_route=\/wp\/v2\/posts"}],"about":[{"href":"https:\/\/www.fuldaernachrichten.de\/index.php?rest_route=\/wp\/v2\/types\/post"}],"author":[{"embeddable":true,"href":"https:\/\/www.fuldaernachrichten.de\/index.php?rest_route=\/wp\/v2\/users\/1"}],"replies":[{"embeddable":true,"href":"https:\/\/www.fuldaernachrichten.de\/index.php?rest_route=%2Fwp%2Fv2%2Fcomments&post=166129"}],"version-history":[{"count":1,"href":"https:\/\/www.fuldaernachrichten.de\/index.php?rest_route=\/wp\/v2\/posts\/166129\/revisions"}],"predecessor-version":[{"id":166141,"href":"https:\/\/www.fuldaernachrichten.de\/index.php?rest_route=\/wp\/v2\/posts\/166129\/revisions\/166141"}],"wp:attachment":[{"href":"https:\/\/www.fuldaernachrichten.de\/index.php?rest_route=%2Fwp%2Fv2%2Fmedia&parent=166129"}],"wp:term":[{"taxonomy":"category","embeddable":true,"href":"https:\/\/www.fuldaernachrichten.de\/index.php?rest_route=%2Fwp%2Fv2%2Fcategories&post=166129"},{"taxonomy":"post_tag","embeddable":true,"href":"https:\/\/www.fuldaernachrichten.de\/index.php?rest_route=%2Fwp%2Fv2%2Ftags&post=166129"}],"curies":[{"name":"wp","href":"https:\/\/api.w.org\/{rel}","templated":true}]}}