{"id":166127,"date":"2017-08-09T07:00:20","date_gmt":"2017-08-09T05:00:20","guid":{"rendered":"http:\/\/www.fuldaer-nachrichten.de\/?p=166127"},"modified":"2017-08-09T07:00:20","modified_gmt":"2017-08-09T05:00:20","slug":"pflege-die-batterien-wieder-aufladen","status":"publish","type":"post","link":"https:\/\/www.fuldaernachrichten.de\/?p=166127","title":{"rendered":"Pflege: Die Batterien wieder aufladen"},"content":{"rendered":"<p>Sommerzeit gleich Urlaubszeit. Was f\u00fcr viele selbstverst\u00e4ndlich klingt, h\u00f6rt sich f\u00fcr pflegende Angeh\u00f6rige h\u00e4ufig wie ein unerreichbarer Traum an. Selbst ein paar Tage an der See sind undenkbar, wenn es gilt, Papa und Mama oder den Partner zu versorgen. Abhilfe schaffen hier Kurzeit- und Verhinderungspflege.<\/p>\n<p>Im Rahmen der Kurzzeitpflege k\u00f6nnen Pflegebed\u00fcrftige, die normalerweise zu Hause leben, f\u00fcr einen begrenzten Zeitraum in einer vollstation\u00e4ren Einrichtung untergebracht werden. Die Pflegekasse zahlt einen Zuschuss zu den Kosten der pflegerischen Versorgung, der medizinischen Behandlungspflege sowie f\u00fcr die soziale Betreuung. Derzeit sind das in den Pflegegraden zwei bis f\u00fcnf 1.612 Euro pro Jahr Eine Alternative zur Kurzzeitpflege ist die Ersatz- oder Verhinderungspflege: Der Pflegebed\u00fcrftige wird hier weiterhin zu Hause versorgt. Voraussetzung ist, dass er dort bereits seit mindestens sechs Monaten gepflegt wird. Die Pflegekasse \u00fcbernimmt die Kosten f\u00fcr bis zu sechs Wochen und zahlt daf\u00fcr ebenfalls bis zu 1.612 Euro. <\/p>\n<p>Insgesamt verf\u00fcgen Betroffene pro Jahr also \u00fcber 3.224 Euro f\u00fcr Kurzeit- und Verhinderungspflege, die in unterschiedlicher Form kombiniert werden k\u00f6nnen. Wie das konkret aussehen kann, ist mitunter jedoch recht kompliziert. Deshalb stehen hessenweit 25 station\u00e4re Pflegest\u00fctzpunkte mit Rat und Tat zur Seite. Die AOK Hessen bietet dar\u00fcber hinaus \u00fcber ihre zertifizierten 28 Pflegeberaterinnen- und berater eine kostenlose mobile Beratung an, die vor oder w\u00e4hrend einer Pflegesituation von Versicherten der Gesundheitskasse genutzt werden kann. <\/p>\n","protected":false},"excerpt":{"rendered":"<div class=\"tmnf_excerpt\"><p>Sommerzeit gleich Urlaubszeit. Was f\u00fcr viele selbstverst\u00e4ndlich klingt, h\u00f6rt sich f\u00fcr pflegende Angeh\u00f6rige h\u00e4ufig wie ein unerreichbarer Traum an. Selbst ein paar Tage an der See sind undenkbar, wenn es gilt, Papa und Mama oder den Partner zu versorgen. Abhilfe schaffen hier Kurzeit- und Verhinderungspflege. Im Rahmen der Kurzzeitpflege k\u00f6nnen Pflegebed\u00fcrftige, die normalerweise zu Hause &hellip;<\/p>\n<\/div>","protected":false},"author":1,"featured_media":0,"comment_status":"closed","ping_status":"closed","sticky":false,"template":"","format":"standard","meta":{"footnotes":""},"categories":[1],"tags":[],"class_list":["post-166127","post","type-post","status-publish","format-standard","hentry","category-startseite"],"_links":{"self":[{"href":"https:\/\/www.fuldaernachrichten.de\/index.php?rest_route=\/wp\/v2\/posts\/166127","targetHints":{"allow":["GET"]}}],"collection":[{"href":"https:\/\/www.fuldaernachrichten.de\/index.php?rest_route=\/wp\/v2\/posts"}],"about":[{"href":"https:\/\/www.fuldaernachrichten.de\/index.php?rest_route=\/wp\/v2\/types\/post"}],"author":[{"embeddable":true,"href":"https:\/\/www.fuldaernachrichten.de\/index.php?rest_route=\/wp\/v2\/users\/1"}],"replies":[{"embeddable":true,"href":"https:\/\/www.fuldaernachrichten.de\/index.php?rest_route=%2Fwp%2Fv2%2Fcomments&post=166127"}],"version-history":[{"count":1,"href":"https:\/\/www.fuldaernachrichten.de\/index.php?rest_route=\/wp\/v2\/posts\/166127\/revisions"}],"predecessor-version":[{"id":166131,"href":"https:\/\/www.fuldaernachrichten.de\/index.php?rest_route=\/wp\/v2\/posts\/166127\/revisions\/166131"}],"wp:attachment":[{"href":"https:\/\/www.fuldaernachrichten.de\/index.php?rest_route=%2Fwp%2Fv2%2Fmedia&parent=166127"}],"wp:term":[{"taxonomy":"category","embeddable":true,"href":"https:\/\/www.fuldaernachrichten.de\/index.php?rest_route=%2Fwp%2Fv2%2Fcategories&post=166127"},{"taxonomy":"post_tag","embeddable":true,"href":"https:\/\/www.fuldaernachrichten.de\/index.php?rest_route=%2Fwp%2Fv2%2Ftags&post=166127"}],"curies":[{"name":"wp","href":"https:\/\/api.w.org\/{rel}","templated":true}]}}